{"id":5805,"date":"2026-04-26T13:51:24","date_gmt":"2026-04-26T12:51:24","guid":{"rendered":"https:\/\/padovamarathon.com\/?p=5805"},"modified":"2026-04-26T15:11:26","modified_gmt":"2026-04-26T14:11:26","slug":"kwemboi-e-chemutai-nella-festa-della-padova-marathon-in-piu-di-46-mila-in-prato-della-valle","status":"publish","type":"post","link":"https:\/\/padovamarathon.com\/en\/kwemboi-e-chemutai-nella-festa-della-padova-marathon-in-piu-di-46-mila-in-prato-della-valle\/","title":{"rendered":"KWEMBOI E CHEMUTAI NELLA FESTA DELLA PADOVA MARATHON: IN PI\u00d9 DI 46 MILA IN PRATO DELLA VALLE"},"content":{"rendered":"\n<p><em>Uganda e Kenya nella gara da 42 chilometri, l\u2019azzurro \u201cdi casa\u201d Ouhda e Rutto si impongono nella mezza maratona. Numeri record nelle Stracittadine<\/em>. <em>La presidente di Assindustria Sport Francesca Facco:<\/em> <em>\u00abMai cos\u00ec tanti partecipanti, 70 nazioni al via, una festa per tutto il territorio\u00bb<\/em>.<\/p>\n\n\n\n<p><\/p>\n\n\n\n<p>Terzo due anni fa nella mezza, secondo nel 2025 sui 42 km, primo quest\u2019anno, e col personale. Il \u201ccursus honorum\u201d di <strong>Victor Kwemboi<\/strong> alla <strong>Padova Marathon <\/strong>raggiunge il punto pi\u00f9 alto nell\u2019edizione dei record. Perch\u00e9 s\u00ec, l\u2019atleta ugandese si prende la copertina, assieme alla keniana <strong>Gladys Chemutai<\/strong>, che domina la gara femminile, all\u2019azzurro di casa (perch\u00e9 vive a Padova) <strong>Ahmed Ouhda<\/strong>, che si impone nella mezza maschile, e alla keniana <strong>Valentine JepkoechRutto<\/strong>, che fa sua la mezza tra le donne. Ma a meritarsela, la copertina, sono i 40 mila partecipanti alle Stracittadine, un numero record per l\u2019evento organizzato da <strong>Assindustria Sport <\/strong>a cui si aggiungono gli oltre 6 mila atleti delle prove agonistiche, senza contare i pi\u00f9 di 1.600 alla 10Crono.<\/p>\n\n\n\n<p>Molto tirata la gara maschile col gruppo dei top runners andato avanti compatto nel primo quarto di corsa. Il primo a staccarsi, verso il chilometro 11, \u00e8 stato il keniano Laban Chepkorom, mentre all\u2019altezza di met\u00e0 gara (passaggio in un\u2019ora 03\u201953\u201d) ha cominciato a perdere terreno il ruandeseYves Nimubona. Al trentesimo \u00e8 rimasto un quartetto di atleti a giocarsi la vittoria: il burundese Therence Bizoza, l\u2019eritreo Solomon Asmerom Shumay, l\u2019ugandese Kwemboi e Dickson Simba Nyakundi. Sono stati questi ultimi due a giocarsi i gradini pi\u00f9 alti del podio una volta giunti in centro citt\u00e0, col primo che ha accelerato nel tratto finale, tagliando il traguardo nel tripudio di Prato della Valle in 2 ore 09\u201935\u201d. Maratona femminile nel segno dell\u2019Altipiano, con tre atlete keniane a monopolizzare le medaglie: la gara \u00e8 vissuta soprattutto nel duello tra Chemutai (prima in 2 ore 32\u201923\u201d) e Violet Yator Jelagat (2 ore 32\u201927\u201d), che si sono giocate la vittoria proprio nell\u2019ultimo tratto, in un appassionante volata.<\/p>\n\n\n\n<p>Tanta Italia nella mezza. Nella maschile il duello targato Esercito tra il padovano adottivo Ouhda e Daniele Meucci si risolve a favore del primo (un\u2019ora 03\u201940\u201d contro un\u2019ora 03\u201944\u201d), ma tutti i primi tre sono raccolti in un fazzoletto, con Daniele Farronato (Trevisatletica) terzo in un\u2019ora 03\u201958\u201d. Curiosit\u00e0: sia Ouhda che Farronato sono allenati da Ruggero Pertile, direttore tecnico dell\u2019evento e di Assindustria Sport (societ\u00e0 che ha schierato al via Riccardo Martellato, sesto). \u00abSono molto contento, ci tenevo a far bene \u2013 ha commentato Ouhda sul traguardo -. Padova \u00e8 una citt\u00e0 che mi ha aspettato e accolto: qui sto coltivando i miei sogni grazie alla guida di Ruggero Pertile. Oggi volevo davvero lasciare un\u2019impronta, perch\u00e9 queste sono strade che conosco e correre qui \u00e8 un\u2019emozione enorme. Negli ultimi tre chilometri il tifo \u00e8 stato incredibile e mi ha aiutato a vincere\u00bb. Mezza femminile, invece, con Rutto che detta legge (un\u2019ora 12\u201922\u201d), con Nicole Reina che ha recuperato terreno nel finale e Diletta Moressa terza davanti alla portacolori giallobl\u00f9 Anna Frigerio.<\/p>\n\n\n\n<p>Assegnato anche il <strong>Premio Fondazione Al\u00ec &#8211; Francesco Canella<\/strong>,alla pi\u00f9 giovane donna al traguardo della gara da 42 km della Padova Marathon: \u00e8 <strong>Margherita Mattiello<\/strong>, portacolori del Cus Padova, atleta di Feltre che deve compiere vent\u2019anni e che ha completato la prova in 3 ore 54\u201948\u201d.<\/p>\n\n\n\n<p>\u00abLa gente \u00e8 felice, \u00e8 una giornata bellissima &#8211; afferma la presidente di Assindustria Sport <strong>Francesca Facco<\/strong> -. La nostra soddisfazione pi\u00f9 grande \u00e8 vedere questo entusiasmo dei cittadini: sapevamo del sold out nelle distanze tecniche e delle 70 nazioni presenti al via con propri podisti, ma avere il tutto esaurito anche nelle Stracittadine ci d\u00e0 una motivazione enorme. Vuol dire che la citt\u00e0 e il suo territorio abbracciano l\u2019evento, che le famiglie escono e vivono con noi un\u2019esperienza di gioia. Il momento pi\u00f9 emozionante? Quando ho visto la fiumana di gente raccolta sotto l\u2019arco: l\u00ec ho sentito davvero la partecipazione popolare. \u00c8 stato bellissimo anche vedere molte persone con disabilit\u00e0 spinte dai volontari. E proprio i volontari vanno ringraziati, e Protezione civile, Alpini, forze dell\u2019ordine: tutti hanno garantito un ottimo servizio. Da domani inizieremo gi\u00e0 a lavorare per il prossimo anno. Magari potremmo valutare di anticipare di qualche giorno la data, per avere temperature pi\u00f9 consone per gli atleti\u00bb.<\/p>\n\n\n\n<p><strong>LE CLASSIFICHE<\/strong><\/p>\n\n\n\n<p><strong>Padova Marathon. UOMINI: <\/strong>1. Victor Kwemboi (UGA) 2h09\u201935\u201d, 2. Dickson Simba Nyakundi (KEN) 2h09\u201944\u201d, 3. Therence Bizoza (BDI) 2h11\u201959\u201d, 4. Asmeron Solomon Shumai (ERI) 2h12\u201912\u201d, 5. Elvis Kipchumba (KEN) 2h13\u201927\u201d, 6. Roberto Graziotto (Atl. San Biagio) 2h25\u201934\u201d, 7. Federico Ceciliot (Asd Swatt Club) 2h31\u201926\u201d, 8. Giorgio Soldani (Cus Bergamo) 2h32\u201901\u201d, 9. Marco Padoan (Vicenza Runners) 2h32\u201922\u201d, 10. Marco Cecchetti (Atl. Avis Sarnano) 2h33\u201916\u201d.<\/p>\n\n\n\n<p><strong>DONNE: <\/strong>1. Gladys Chemutai (KEN) 2h32\u201923\u201d, 2. Violet Yator Jelagat (KEN) 2h32\u201927\u201d, 3. Teresiah Omosa Kwamboka (KEN) 2h40\u201922\u201d, 4. Natasa Sustic (CRO) 2h49\u201914\u201d, 5. Sara Boer (DK Runners Milano) 2h57\u201953\u201d, 6. Anna Bardelli (Podistica Peralto Genova) 2h58\u201902\u201d, 7. Ramune Marge (LTU) 3h09\u201916\u201d, 8. Gloria Abigail Palazzi (GBR) 3h09\u201931\u201d, 9. Simona Cetro (Atl. Trecate) 3h09\u201935\u201d, 10. Elena Viale 3h14\u201913\u201d.<\/p>\n\n\n\n<p><strong>Padova Half Marathon. <\/strong><strong>UOMINI: <\/strong>1. Ahmed Ouhda (Esercito) 1h03\u201940\u201d, 2. Daniele Meucci (Esercito) 1h03\u201944\u201d, 3. Daniele Farronato (Trevisatletica) 1h03\u201958\u201d, 4. Laban Kipkemboi (KEN) 1h04\u201908\u201d, 5. Vincent Ntabo Momanyi (KEN) 1h05\u201908\u201d, 6. Riccardo Martellato (Assindustria Sport) 1h06\u201919\u201d, 7. Peter Lanziner (Suedtirol Team Club) 1h10\u201909\u201d, 8. Michele Stingone (International Security S.) 1h11\u201935\u201d, 9. Paolo Pellizzari (Vicenza Marathon) 1h12\u201927\u201d, 10. Stefano Farronato (Trevisatletica) 1h12\u201957\u201d.<\/p>\n\n\n\n<p><strong>DONNE: <\/strong>1. Valentine Jepkoech Rutto (KEN) 1h12\u201922\u201d, 2. Nicole Svetlana Reina (Caivano Runners) 1h12\u201938\u201d, 3. Diletta Moressa (Gs Orecchiella Garfagnana) 1h14\u201958\u201d, 4. Anna Frigerio (Assindustria Sport) 1h15\u201916\u201d, 5. Francesca Crestani (1To1 Sport) 1h18\u201923\u201d, 6. Laura Brenna (DK Runners Milano) 1h22\u201950\u201d, 7. Martina Pezzotta (G. Alpinistico Vertovese) 1h23\u201912\u201d, 8. Katia Tavernar (Usd Cermis) 1h27\u201918\u201d, 9. Giulia Marchesoni (Trirunnis Fersen Triathlon) 1h27\u201955\u201d, 10. Alessia Bottoni (Team Sempredicorsa Asd) 1h29\u201921\u201d.<\/p>\n\n\n\n<p><strong>RISULTATI ONLINE.<\/strong> Tutti i risultati della Padova Marathon di domenica 26 aprile saranno disponibili in tempo reale al link: <a href=\"https:\/\/www.endu.net\/it\/events\/padovamarathon\/\">https:\/\/www.endu.net\/it\/events\/padovamarathon\/<\/a><\/p>\n\n\n\n<p><\/p>\n\n\n\n<p><em>Nelle foto (Videoe20) le partenze riprese col drone; nelle foto (di Massimo Bertolini) vincitori e premiati<\/em><\/p>\n\n\n\n<figure class=\"wp-block-gallery has-nested-images columns-default is-cropped wp-block-gallery-1 is-layout-flex wp-block-gallery-is-layout-flex\">\n<figure class=\"wp-block-image size-large\"><img decoding=\"async\" data-id=\"5818\" src=\"data:image\/gif;base64,R0lGODlhAQABAIAAAAAAAP\/\/\/yH5BAEAAAAALAAAAAABAAEAAAIBRAA7\" data-src=\"https:\/\/padovamarathon.com\/wp-content\/uploads\/2026\/04\/partenza-mezza-Videoe20-1024x575.jpeg\" alt=\"\" class=\"wp-image-5818 lazyload\"\/><noscript><img decoding=\"async\" width=\"1024\" height=\"575\" data-id=\"5818\" src=\"https:\/\/padovamarathon.com\/wp-content\/uploads\/2026\/04\/partenza-mezza-Videoe20-1024x575.jpeg\" alt=\"\" class=\"wp-image-5818 lazyload\" srcset=\"https:\/\/padovamarathon.com\/wp-content\/uploads\/2026\/04\/partenza-mezza-Videoe20-1024x575.jpeg 1024w, https:\/\/padovamarathon.com\/wp-content\/uploads\/2026\/04\/partenza-mezza-Videoe20-300x169.jpeg 300w, https:\/\/padovamarathon.com\/wp-content\/uploads\/2026\/04\/partenza-mezza-Videoe20-768x431.jpeg 768w, https:\/\/padovamarathon.com\/wp-content\/uploads\/2026\/04\/partenza-mezza-Videoe20-1536x863.jpeg 1536w, https:\/\/padovamarathon.com\/wp-content\/uploads\/2026\/04\/partenza-mezza-Videoe20-2048x1151.jpeg 2048w, https:\/\/padovamarathon.com\/wp-content\/uploads\/2026\/04\/partenza-mezza-Videoe20-600x337.jpeg 600w\" sizes=\"(max-width: 1024px) 100vw, 1024px\" \/><\/noscript><\/figure>\n\n\n\n<figure class=\"wp-block-image size-large\"><img decoding=\"async\" data-id=\"5810\" src=\"data:image\/gif;base64,R0lGODlhAQABAIAAAAAAAP\/\/\/yH5BAEAAAAALAAAAAABAAEAAAIBRAA7\" data-src=\"https:\/\/padovamarathon.com\/wp-content\/uploads\/2026\/04\/podio-mezza-uomini-Bertolini-1024x681.jpg\" alt=\"\" class=\"wp-image-5810 lazyload\"\/><noscript><img decoding=\"async\" width=\"1024\" height=\"681\" data-id=\"5810\" src=\"https:\/\/padovamarathon.com\/wp-content\/uploads\/2026\/04\/podio-mezza-uomini-Bertolini-1024x681.jpg\" alt=\"\" class=\"wp-image-5810 lazyload\" srcset=\"https:\/\/padovamarathon.com\/wp-content\/uploads\/2026\/04\/podio-mezza-uomini-Bertolini-1024x681.jpg 1024w, https:\/\/padovamarathon.com\/wp-content\/uploads\/2026\/04\/podio-mezza-uomini-Bertolini-300x200.jpg 300w, https:\/\/padovamarathon.com\/wp-content\/uploads\/2026\/04\/podio-mezza-uomini-Bertolini-768x511.jpg 768w, https:\/\/padovamarathon.com\/wp-content\/uploads\/2026\/04\/podio-mezza-uomini-Bertolini-1536x1022.jpg 1536w, https:\/\/padovamarathon.com\/wp-content\/uploads\/2026\/04\/podio-mezza-uomini-Bertolini-900x600.jpg 900w, https:\/\/padovamarathon.com\/wp-content\/uploads\/2026\/04\/podio-mezza-uomini-Bertolini-600x399.jpg 600w, https:\/\/padovamarathon.com\/wp-content\/uploads\/2026\/04\/podio-mezza-uomini-Bertolini.jpg 1733w\" sizes=\"(max-width: 1024px) 100vw, 1024px\" \/><\/noscript><\/figure>\n\n\n\n<figure class=\"wp-block-image size-large\"><img decoding=\"async\" data-id=\"5812\" src=\"data:image\/gif;base64,R0lGODlhAQABAIAAAAAAAP\/\/\/yH5BAEAAAAALAAAAAABAAEAAAIBRAA7\" data-src=\"https:\/\/padovamarathon.com\/wp-content\/uploads\/2026\/04\/RUTTO-VALENTINE-JEPKOECH_Bertolini-1024x681.jpg\" alt=\"\" class=\"wp-image-5812 lazyload\"\/><noscript><img decoding=\"async\" width=\"1024\" height=\"681\" data-id=\"5812\" src=\"https:\/\/padovamarathon.com\/wp-content\/uploads\/2026\/04\/RUTTO-VALENTINE-JEPKOECH_Bertolini-1024x681.jpg\" alt=\"\" class=\"wp-image-5812 lazyload\" srcset=\"https:\/\/padovamarathon.com\/wp-content\/uploads\/2026\/04\/RUTTO-VALENTINE-JEPKOECH_Bertolini-1024x681.jpg 1024w, https:\/\/padovamarathon.com\/wp-content\/uploads\/2026\/04\/RUTTO-VALENTINE-JEPKOECH_Bertolini-300x200.jpg 300w, https:\/\/padovamarathon.com\/wp-content\/uploads\/2026\/04\/RUTTO-VALENTINE-JEPKOECH_Bertolini-768x511.jpg 768w, https:\/\/padovamarathon.com\/wp-content\/uploads\/2026\/04\/RUTTO-VALENTINE-JEPKOECH_Bertolini-1536x1022.jpg 1536w, https:\/\/padovamarathon.com\/wp-content\/uploads\/2026\/04\/RUTTO-VALENTINE-JEPKOECH_Bertolini-900x600.jpg 900w, https:\/\/padovamarathon.com\/wp-content\/uploads\/2026\/04\/RUTTO-VALENTINE-JEPKOECH_Bertolini-600x399.jpg 600w, https:\/\/padovamarathon.com\/wp-content\/uploads\/2026\/04\/RUTTO-VALENTINE-JEPKOECH_Bertolini.jpg 1733w\" sizes=\"(max-width: 1024px) 100vw, 1024px\" \/><\/noscript><\/figure>\n\n\n\n<figure class=\"wp-block-image size-large\"><img decoding=\"async\" data-id=\"5820\" src=\"data:image\/gif;base64,R0lGODlhAQABAIAAAAAAAP\/\/\/yH5BAEAAAAALAAAAAABAAEAAAIBRAA7\" data-src=\"https:\/\/padovamarathon.com\/wp-content\/uploads\/2026\/04\/KWEMBOI-VICTOR_PH_Bertolini-1-1024x681.jpg\" alt=\"\" class=\"wp-image-5820 lazyload\"\/><noscript><img decoding=\"async\" width=\"1024\" height=\"681\" data-id=\"5820\" src=\"https:\/\/padovamarathon.com\/wp-content\/uploads\/2026\/04\/KWEMBOI-VICTOR_PH_Bertolini-1-1024x681.jpg\" alt=\"\" class=\"wp-image-5820 lazyload\" srcset=\"https:\/\/padovamarathon.com\/wp-content\/uploads\/2026\/04\/KWEMBOI-VICTOR_PH_Bertolini-1-1024x681.jpg 1024w, https:\/\/padovamarathon.com\/wp-content\/uploads\/2026\/04\/KWEMBOI-VICTOR_PH_Bertolini-1-300x200.jpg 300w, https:\/\/padovamarathon.com\/wp-content\/uploads\/2026\/04\/KWEMBOI-VICTOR_PH_Bertolini-1-768x511.jpg 768w, https:\/\/padovamarathon.com\/wp-content\/uploads\/2026\/04\/KWEMBOI-VICTOR_PH_Bertolini-1-1536x1022.jpg 1536w, https:\/\/padovamarathon.com\/wp-content\/uploads\/2026\/04\/KWEMBOI-VICTOR_PH_Bertolini-1-900x600.jpg 900w, https:\/\/padovamarathon.com\/wp-content\/uploads\/2026\/04\/KWEMBOI-VICTOR_PH_Bertolini-1-600x399.jpg 600w, https:\/\/padovamarathon.com\/wp-content\/uploads\/2026\/04\/KWEMBOI-VICTOR_PH_Bertolini-1.jpg 1733w\" sizes=\"(max-width: 1024px) 100vw, 1024px\" \/><\/noscript><\/figure>\n\n\n\n<figure class=\"wp-block-image size-large\"><img decoding=\"async\" data-id=\"5808\" src=\"data:image\/gif;base64,R0lGODlhAQABAIAAAAAAAP\/\/\/yH5BAEAAAAALAAAAAABAAEAAAIBRAA7\" data-src=\"https:\/\/padovamarathon.com\/wp-content\/uploads\/2026\/04\/Stracittadine-Videoe20-680x1024.jpeg\" alt=\"\" class=\"wp-image-5808 lazyload\"\/><noscript><img decoding=\"async\" width=\"680\" height=\"1024\" data-id=\"5808\" src=\"https:\/\/padovamarathon.com\/wp-content\/uploads\/2026\/04\/Stracittadine-Videoe20-680x1024.jpeg\" alt=\"\" class=\"wp-image-5808 lazyload\" srcset=\"https:\/\/padovamarathon.com\/wp-content\/uploads\/2026\/04\/Stracittadine-Videoe20-680x1024.jpeg 680w, https:\/\/padovamarathon.com\/wp-content\/uploads\/2026\/04\/Stracittadine-Videoe20-199x300.jpeg 199w, https:\/\/padovamarathon.com\/wp-content\/uploads\/2026\/04\/Stracittadine-Videoe20-768x1157.jpeg 768w, https:\/\/padovamarathon.com\/wp-content\/uploads\/2026\/04\/Stracittadine-Videoe20-1020x1536.jpeg 1020w, https:\/\/padovamarathon.com\/wp-content\/uploads\/2026\/04\/Stracittadine-Videoe20-600x904.jpeg 600w, https:\/\/padovamarathon.com\/wp-content\/uploads\/2026\/04\/Stracittadine-Videoe20.jpeg 1062w\" sizes=\"(max-width: 680px) 100vw, 680px\" \/><\/noscript><\/figure>\n\n\n\n<figure class=\"wp-block-image size-large\"><img decoding=\"async\" data-id=\"5822\" src=\"data:image\/gif;base64,R0lGODlhAQABAIAAAAAAAP\/\/\/yH5BAEAAAAALAAAAAABAAEAAAIBRAA7\" data-src=\"https:\/\/padovamarathon.com\/wp-content\/uploads\/2026\/04\/partenza-mara-Videoe20-1024x592.png\" alt=\"\" class=\"wp-image-5822 lazyload\"\/><noscript><img decoding=\"async\" width=\"1024\" height=\"592\" data-id=\"5822\" src=\"https:\/\/padovamarathon.com\/wp-content\/uploads\/2026\/04\/partenza-mara-Videoe20-1024x592.png\" alt=\"\" class=\"wp-image-5822 lazyload\" srcset=\"https:\/\/padovamarathon.com\/wp-content\/uploads\/2026\/04\/partenza-mara-Videoe20-1024x592.png 1024w, https:\/\/padovamarathon.com\/wp-content\/uploads\/2026\/04\/partenza-mara-Videoe20-300x174.png 300w, https:\/\/padovamarathon.com\/wp-content\/uploads\/2026\/04\/partenza-mara-Videoe20-768x444.png 768w, https:\/\/padovamarathon.com\/wp-content\/uploads\/2026\/04\/partenza-mara-Videoe20-1536x889.png 1536w, https:\/\/padovamarathon.com\/wp-content\/uploads\/2026\/04\/partenza-mara-Videoe20-600x347.png 600w, https:\/\/padovamarathon.com\/wp-content\/uploads\/2026\/04\/partenza-mara-Videoe20.png 2038w\" sizes=\"(max-width: 1024px) 100vw, 1024px\" \/><\/noscript><\/figure>\n\n\n\n<figure class=\"wp-block-image size-large\"><img decoding=\"async\" data-id=\"5814\" src=\"data:image\/gif;base64,R0lGODlhAQABAIAAAAAAAP\/\/\/yH5BAEAAAAALAAAAAABAAEAAAIBRAA7\" data-src=\"https:\/\/padovamarathon.com\/wp-content\/uploads\/2026\/04\/FACCO-STEFANI_PH_Bertolini-1024x681.jpg\" alt=\"\" class=\"wp-image-5814 lazyload\"\/><noscript><img decoding=\"async\" width=\"1024\" height=\"681\" data-id=\"5814\" src=\"https:\/\/padovamarathon.com\/wp-content\/uploads\/2026\/04\/FACCO-STEFANI_PH_Bertolini-1024x681.jpg\" alt=\"\" class=\"wp-image-5814 lazyload\" srcset=\"https:\/\/padovamarathon.com\/wp-content\/uploads\/2026\/04\/FACCO-STEFANI_PH_Bertolini-1024x681.jpg 1024w, https:\/\/padovamarathon.com\/wp-content\/uploads\/2026\/04\/FACCO-STEFANI_PH_Bertolini-300x200.jpg 300w, https:\/\/padovamarathon.com\/wp-content\/uploads\/2026\/04\/FACCO-STEFANI_PH_Bertolini-768x511.jpg 768w, https:\/\/padovamarathon.com\/wp-content\/uploads\/2026\/04\/FACCO-STEFANI_PH_Bertolini-1536x1022.jpg 1536w, https:\/\/padovamarathon.com\/wp-content\/uploads\/2026\/04\/FACCO-STEFANI_PH_Bertolini-900x600.jpg 900w, https:\/\/padovamarathon.com\/wp-content\/uploads\/2026\/04\/FACCO-STEFANI_PH_Bertolini-600x399.jpg 600w, https:\/\/padovamarathon.com\/wp-content\/uploads\/2026\/04\/FACCO-STEFANI_PH_Bertolini.jpg 1733w\" sizes=\"(max-width: 1024px) 100vw, 1024px\" \/><\/noscript><\/figure>\n\n\n\n<figure class=\"wp-block-image size-large\"><img decoding=\"async\" data-id=\"5816\" src=\"data:image\/gif;base64,R0lGODlhAQABAIAAAAAAAP\/\/\/yH5BAEAAAAALAAAAAABAAEAAAIBRAA7\" data-src=\"https:\/\/padovamarathon.com\/wp-content\/uploads\/2026\/04\/podio-mara-femm-Bertolini-1024x681.jpg\" alt=\"\" class=\"wp-image-5816 lazyload\"\/><noscript><img decoding=\"async\" width=\"1024\" height=\"681\" data-id=\"5816\" src=\"https:\/\/padovamarathon.com\/wp-content\/uploads\/2026\/04\/podio-mara-femm-Bertolini-1024x681.jpg\" alt=\"\" class=\"wp-image-5816 lazyload\" srcset=\"https:\/\/padovamarathon.com\/wp-content\/uploads\/2026\/04\/podio-mara-femm-Bertolini-1024x681.jpg 1024w, https:\/\/padovamarathon.com\/wp-content\/uploads\/2026\/04\/podio-mara-femm-Bertolini-300x200.jpg 300w, https:\/\/padovamarathon.com\/wp-content\/uploads\/2026\/04\/podio-mara-femm-Bertolini-768x511.jpg 768w, https:\/\/padovamarathon.com\/wp-content\/uploads\/2026\/04\/podio-mara-femm-Bertolini-1536x1022.jpg 1536w, https:\/\/padovamarathon.com\/wp-content\/uploads\/2026\/04\/podio-mara-femm-Bertolini-900x600.jpg 900w, https:\/\/padovamarathon.com\/wp-content\/uploads\/2026\/04\/podio-mara-femm-Bertolini-600x399.jpg 600w, https:\/\/padovamarathon.com\/wp-content\/uploads\/2026\/04\/podio-mara-femm-Bertolini.jpg 1733w\" sizes=\"(max-width: 1024px) 100vw, 1024px\" \/><\/noscript><\/figure>\n<\/figure>\n","protected":false},"excerpt":{"rendered":"<p>Uganda e Kenya nella gara da 42 chilometri, l\u2019azzurro \u201cdi casa\u201d Ouhda e Rutto si impongono nella mezza maratona. Numeri record nelle Stracittadine. La presidente di Assindustria Sport Francesca Facco:&#8230;<\/p>\n","protected":false},"author":5,"featured_media":5806,"comment_status":"closed","ping_status":"closed","sticky":false,"template":"","format":"standard","meta":{"footnotes":""},"categories":[54,1],"tags":[],"class_list":{"0":"post-5805","1":"post","2":"type-post","3":"status-publish","4":"format-standard","5":"has-post-thumbnail","7":"category-news","8":"category-non-categorizzato"},"yoast_head":"<!-- This site is optimized with the Yoast SEO plugin v26.5 - https:\/\/yoast.com\/wordpress\/plugins\/seo\/ -->\n<title>KWEMBOI E CHEMUTAI NELLA FESTA DELLA PADOVA MARATHON: IN PI\u00d9 DI 46 MILA IN PRATO DELLA VALLE | Padova Marathon Shop<\/title>\n<meta name=\"robots\" content=\"index, follow, max-snippet:-1, max-image-preview:large, max-video-preview:-1\" \/>\n<link rel=\"canonical\" href=\"https:\/\/padovamarathon.com\/kwemboi-e-chemutai-nella-festa-della-padova-marathon-in-piu-di-46-mila-in-prato-della-valle\/\" \/>\n<meta property=\"og:locale\" content=\"en_US\" \/>\n<meta property=\"og:type\" content=\"article\" \/>\n<meta property=\"og:title\" content=\"KWEMBOI E CHEMUTAI NELLA FESTA DELLA PADOVA MARATHON: IN PI\u00d9 DI 46 MILA IN PRATO DELLA VALLE | Padova Marathon Shop\" \/>\n<meta property=\"og:description\" content=\"Uganda e Kenya nella gara da 42 chilometri, l\u2019azzurro \u201cdi casa\u201d Ouhda e Rutto si impongono nella mezza maratona. Numeri record nelle Stracittadine. La presidente di Assindustria Sport Francesca Facco:...\" \/>\n<meta property=\"og:url\" content=\"https:\/\/padovamarathon.com\/kwemboi-e-chemutai-nella-festa-della-padova-marathon-in-piu-di-46-mila-in-prato-della-valle\/\" \/>\n<meta property=\"og:site_name\" content=\"Padova Marathon Shop\" \/>\n<meta property=\"article:publisher\" content=\"https:\/\/www.facebook.com\/padovamarathon\/\" \/>\n<meta property=\"article:published_time\" content=\"2026-04-26T12:51:24+00:00\" \/>\n<meta property=\"article:modified_time\" content=\"2026-04-26T14:11:26+00:00\" \/>\n<meta property=\"og:image\" content=\"https:\/\/padovamarathon.com\/wp-content\/uploads\/2026\/04\/KWEMBOI-VICTOR_PH_Bertolini.jpg\" \/>\n\t<meta property=\"og:image:width\" content=\"1733\" \/>\n\t<meta property=\"og:image:height\" content=\"1153\" \/>\n\t<meta property=\"og:image:type\" content=\"image\/jpeg\" \/>\n<meta name=\"author\" content=\"padovamarathon\" \/>\n<meta name=\"twitter:card\" content=\"summary_large_image\" \/>\n<meta name=\"twitter:label1\" content=\"Written by\" \/>\n\t<meta name=\"twitter:data1\" content=\"padovamarathon\" \/>\n\t<meta name=\"twitter:label2\" content=\"Est. reading time\" \/>\n\t<meta name=\"twitter:data2\" content=\"8 minutes\" \/>\n<script type=\"application\/ld+json\" class=\"yoast-schema-graph\">{\"@context\":\"https:\/\/schema.org\",\"@graph\":[{\"@type\":\"Article\",\"@id\":\"https:\/\/padovamarathon.com\/kwemboi-e-chemutai-nella-festa-della-padova-marathon-in-piu-di-46-mila-in-prato-della-valle\/#article\",\"isPartOf\":{\"@id\":\"https:\/\/padovamarathon.com\/kwemboi-e-chemutai-nella-festa-della-padova-marathon-in-piu-di-46-mila-in-prato-della-valle\/\"},\"author\":{\"name\":\"padovamarathon\",\"@id\":\"https:\/\/padovamarathon.com\/#\/schema\/person\/51ea49416c4d79c1f9e1ef19262e750a\"},\"headline\":\"KWEMBOI E CHEMUTAI NELLA FESTA DELLA PADOVA MARATHON: IN PI\u00d9 DI 46 MILA IN PRATO DELLA VALLE\",\"datePublished\":\"2026-04-26T12:51:24+00:00\",\"dateModified\":\"2026-04-26T14:11:26+00:00\",\"mainEntityOfPage\":{\"@id\":\"https:\/\/padovamarathon.com\/kwemboi-e-chemutai-nella-festa-della-padova-marathon-in-piu-di-46-mila-in-prato-della-valle\/\"},\"wordCount\":962,\"publisher\":{\"@id\":\"https:\/\/padovamarathon.com\/#organization\"},\"image\":{\"@id\":\"https:\/\/padovamarathon.com\/kwemboi-e-chemutai-nella-festa-della-padova-marathon-in-piu-di-46-mila-in-prato-della-valle\/#primaryimage\"},\"thumbnailUrl\":\"https:\/\/padovamarathon.com\/wp-content\/uploads\/2026\/04\/KWEMBOI-VICTOR_PH_Bertolini.jpg\",\"articleSection\":[\"News\",\"Non categorizzato\"],\"inLanguage\":\"en-US\"},{\"@type\":\"WebPage\",\"@id\":\"https:\/\/padovamarathon.com\/kwemboi-e-chemutai-nella-festa-della-padova-marathon-in-piu-di-46-mila-in-prato-della-valle\/\",\"url\":\"https:\/\/padovamarathon.com\/kwemboi-e-chemutai-nella-festa-della-padova-marathon-in-piu-di-46-mila-in-prato-della-valle\/\",\"name\":\"KWEMBOI E CHEMUTAI NELLA FESTA DELLA PADOVA MARATHON: IN PI\u00d9 DI 46 MILA IN PRATO DELLA VALLE | Padova Marathon Shop\",\"isPartOf\":{\"@id\":\"https:\/\/padovamarathon.com\/#website\"},\"primaryImageOfPage\":{\"@id\":\"https:\/\/padovamarathon.com\/kwemboi-e-chemutai-nella-festa-della-padova-marathon-in-piu-di-46-mila-in-prato-della-valle\/#primaryimage\"},\"image\":{\"@id\":\"https:\/\/padovamarathon.com\/kwemboi-e-chemutai-nella-festa-della-padova-marathon-in-piu-di-46-mila-in-prato-della-valle\/#primaryimage\"},\"thumbnailUrl\":\"https:\/\/padovamarathon.com\/wp-content\/uploads\/2026\/04\/KWEMBOI-VICTOR_PH_Bertolini.jpg\",\"datePublished\":\"2026-04-26T12:51:24+00:00\",\"dateModified\":\"2026-04-26T14:11:26+00:00\",\"breadcrumb\":{\"@id\":\"https:\/\/padovamarathon.com\/kwemboi-e-chemutai-nella-festa-della-padova-marathon-in-piu-di-46-mila-in-prato-della-valle\/#breadcrumb\"},\"inLanguage\":\"en-US\",\"potentialAction\":[{\"@type\":\"ReadAction\",\"target\":[\"https:\/\/padovamarathon.com\/kwemboi-e-chemutai-nella-festa-della-padova-marathon-in-piu-di-46-mila-in-prato-della-valle\/\"]}]},{\"@type\":\"ImageObject\",\"inLanguage\":\"en-US\",\"@id\":\"https:\/\/padovamarathon.com\/kwemboi-e-chemutai-nella-festa-della-padova-marathon-in-piu-di-46-mila-in-prato-della-valle\/#primaryimage\",\"url\":\"https:\/\/padovamarathon.com\/wp-content\/uploads\/2026\/04\/KWEMBOI-VICTOR_PH_Bertolini.jpg\",\"contentUrl\":\"https:\/\/padovamarathon.com\/wp-content\/uploads\/2026\/04\/KWEMBOI-VICTOR_PH_Bertolini.jpg\",\"width\":1733,\"height\":1153},{\"@type\":\"BreadcrumbList\",\"@id\":\"https:\/\/padovamarathon.com\/kwemboi-e-chemutai-nella-festa-della-padova-marathon-in-piu-di-46-mila-in-prato-della-valle\/#breadcrumb\",\"itemListElement\":[{\"@type\":\"ListItem\",\"position\":1,\"name\":\"Home\",\"item\":\"https:\/\/padovamarathon.com\/en\/\"},{\"@type\":\"ListItem\",\"position\":2,\"name\":\"KWEMBOI E CHEMUTAI NELLA FESTA DELLA PADOVA MARATHON: IN PI\u00d9 DI 46 MILA IN PRATO DELLA VALLE\"}]},{\"@type\":\"WebSite\",\"@id\":\"https:\/\/padovamarathon.com\/#website\",\"url\":\"https:\/\/padovamarathon.com\/\",\"name\":\"Maratona di Sant'Antonio | Padova Marathon\",\"description\":\"\",\"publisher\":{\"@id\":\"https:\/\/padovamarathon.com\/#organization\"},\"potentialAction\":[{\"@type\":\"SearchAction\",\"target\":{\"@type\":\"EntryPoint\",\"urlTemplate\":\"https:\/\/padovamarathon.com\/?s={search_term_string}\"},\"query-input\":{\"@type\":\"PropertyValueSpecification\",\"valueRequired\":true,\"valueName\":\"search_term_string\"}}],\"inLanguage\":\"en-US\"},{\"@type\":\"Organization\",\"@id\":\"https:\/\/padovamarathon.com\/#organization\",\"name\":\"Assidunstria Sport\",\"url\":\"https:\/\/padovamarathon.com\/\",\"logo\":{\"@type\":\"ImageObject\",\"inLanguage\":\"en-US\",\"@id\":\"https:\/\/padovamarathon.com\/#\/schema\/logo\/image\/\",\"url\":\"https:\/\/padovamarathon.com\/wp-content\/uploads\/2023\/02\/padova-marathon-logo-dark.svg\",\"contentUrl\":\"https:\/\/padovamarathon.com\/wp-content\/uploads\/2023\/02\/padova-marathon-logo-dark.svg\",\"width\":193,\"height\":86,\"caption\":\"Assidunstria Sport\"},\"image\":{\"@id\":\"https:\/\/padovamarathon.com\/#\/schema\/logo\/image\/\"},\"sameAs\":[\"https:\/\/www.facebook.com\/padovamarathon\/\",\"https:\/\/www.youtube.com\/channel\/UCcuEh_1MUf_oXBto7XwOT8g\",\"https:\/\/www.instagram.com\/padovamarathon\/\"]},{\"@type\":\"Person\",\"@id\":\"https:\/\/padovamarathon.com\/#\/schema\/person\/51ea49416c4d79c1f9e1ef19262e750a\",\"name\":\"padovamarathon\",\"image\":{\"@type\":\"ImageObject\",\"inLanguage\":\"en-US\",\"@id\":\"https:\/\/padovamarathon.com\/#\/schema\/person\/image\/\",\"url\":\"https:\/\/secure.gravatar.com\/avatar\/75500af15ea2ec10e6fe9e902572ed8508108a23a4792d529886051795bc33e3?s=96&d=mm&r=g\",\"contentUrl\":\"https:\/\/secure.gravatar.com\/avatar\/75500af15ea2ec10e6fe9e902572ed8508108a23a4792d529886051795bc33e3?s=96&d=mm&r=g\",\"caption\":\"padovamarathon\"},\"url\":\"https:\/\/padovamarathon.com\/en\/author\/padovamarathon\/\"}]}<\/script>\n<!-- \/ Yoast SEO plugin. -->","yoast_head_json":{"title":"KWEMBOI E CHEMUTAI NELLA FESTA DELLA PADOVA MARATHON: IN PI\u00d9 DI 46 MILA IN PRATO DELLA VALLE | Padova Marathon Shop","robots":{"index":"index","follow":"follow","max-snippet":"max-snippet:-1","max-image-preview":"max-image-preview:large","max-video-preview":"max-video-preview:-1"},"canonical":"https:\/\/padovamarathon.com\/kwemboi-e-chemutai-nella-festa-della-padova-marathon-in-piu-di-46-mila-in-prato-della-valle\/","og_locale":"en_US","og_type":"article","og_title":"KWEMBOI E CHEMUTAI NELLA FESTA DELLA PADOVA MARATHON: IN PI\u00d9 DI 46 MILA IN PRATO DELLA VALLE | Padova Marathon Shop","og_description":"Uganda e Kenya nella gara da 42 chilometri, l\u2019azzurro \u201cdi casa\u201d Ouhda e Rutto si impongono nella mezza maratona. Numeri record nelle Stracittadine. La presidente di Assindustria Sport Francesca Facco:...","og_url":"https:\/\/padovamarathon.com\/kwemboi-e-chemutai-nella-festa-della-padova-marathon-in-piu-di-46-mila-in-prato-della-valle\/","og_site_name":"Padova Marathon Shop","article_publisher":"https:\/\/www.facebook.com\/padovamarathon\/","article_published_time":"2026-04-26T12:51:24+00:00","article_modified_time":"2026-04-26T14:11:26+00:00","og_image":[{"width":1733,"height":1153,"url":"https:\/\/padovamarathon.com\/wp-content\/uploads\/2026\/04\/KWEMBOI-VICTOR_PH_Bertolini.jpg","type":"image\/jpeg"}],"author":"padovamarathon","twitter_card":"summary_large_image","twitter_misc":{"Written by":"padovamarathon","Est. reading time":"8 minutes"},"schema":{"@context":"https:\/\/schema.org","@graph":[{"@type":"Article","@id":"https:\/\/padovamarathon.com\/kwemboi-e-chemutai-nella-festa-della-padova-marathon-in-piu-di-46-mila-in-prato-della-valle\/#article","isPartOf":{"@id":"https:\/\/padovamarathon.com\/kwemboi-e-chemutai-nella-festa-della-padova-marathon-in-piu-di-46-mila-in-prato-della-valle\/"},"author":{"name":"padovamarathon","@id":"https:\/\/padovamarathon.com\/#\/schema\/person\/51ea49416c4d79c1f9e1ef19262e750a"},"headline":"KWEMBOI E CHEMUTAI NELLA FESTA DELLA PADOVA MARATHON: IN PI\u00d9 DI 46 MILA IN PRATO DELLA VALLE","datePublished":"2026-04-26T12:51:24+00:00","dateModified":"2026-04-26T14:11:26+00:00","mainEntityOfPage":{"@id":"https:\/\/padovamarathon.com\/kwemboi-e-chemutai-nella-festa-della-padova-marathon-in-piu-di-46-mila-in-prato-della-valle\/"},"wordCount":962,"publisher":{"@id":"https:\/\/padovamarathon.com\/#organization"},"image":{"@id":"https:\/\/padovamarathon.com\/kwemboi-e-chemutai-nella-festa-della-padova-marathon-in-piu-di-46-mila-in-prato-della-valle\/#primaryimage"},"thumbnailUrl":"https:\/\/padovamarathon.com\/wp-content\/uploads\/2026\/04\/KWEMBOI-VICTOR_PH_Bertolini.jpg","articleSection":["News","Non categorizzato"],"inLanguage":"en-US"},{"@type":"WebPage","@id":"https:\/\/padovamarathon.com\/kwemboi-e-chemutai-nella-festa-della-padova-marathon-in-piu-di-46-mila-in-prato-della-valle\/","url":"https:\/\/padovamarathon.com\/kwemboi-e-chemutai-nella-festa-della-padova-marathon-in-piu-di-46-mila-in-prato-della-valle\/","name":"KWEMBOI E CHEMUTAI NELLA FESTA DELLA PADOVA MARATHON: IN PI\u00d9 DI 46 MILA IN PRATO DELLA VALLE | Padova Marathon Shop","isPartOf":{"@id":"https:\/\/padovamarathon.com\/#website"},"primaryImageOfPage":{"@id":"https:\/\/padovamarathon.com\/kwemboi-e-chemutai-nella-festa-della-padova-marathon-in-piu-di-46-mila-in-prato-della-valle\/#primaryimage"},"image":{"@id":"https:\/\/padovamarathon.com\/kwemboi-e-chemutai-nella-festa-della-padova-marathon-in-piu-di-46-mila-in-prato-della-valle\/#primaryimage"},"thumbnailUrl":"https:\/\/padovamarathon.com\/wp-content\/uploads\/2026\/04\/KWEMBOI-VICTOR_PH_Bertolini.jpg","datePublished":"2026-04-26T12:51:24+00:00","dateModified":"2026-04-26T14:11:26+00:00","breadcrumb":{"@id":"https:\/\/padovamarathon.com\/kwemboi-e-chemutai-nella-festa-della-padova-marathon-in-piu-di-46-mila-in-prato-della-valle\/#breadcrumb"},"inLanguage":"en-US","potentialAction":[{"@type":"ReadAction","target":["https:\/\/padovamarathon.com\/kwemboi-e-chemutai-nella-festa-della-padova-marathon-in-piu-di-46-mila-in-prato-della-valle\/"]}]},{"@type":"ImageObject","inLanguage":"en-US","@id":"https:\/\/padovamarathon.com\/kwemboi-e-chemutai-nella-festa-della-padova-marathon-in-piu-di-46-mila-in-prato-della-valle\/#primaryimage","url":"https:\/\/padovamarathon.com\/wp-content\/uploads\/2026\/04\/KWEMBOI-VICTOR_PH_Bertolini.jpg","contentUrl":"https:\/\/padovamarathon.com\/wp-content\/uploads\/2026\/04\/KWEMBOI-VICTOR_PH_Bertolini.jpg","width":1733,"height":1153},{"@type":"BreadcrumbList","@id":"https:\/\/padovamarathon.com\/kwemboi-e-chemutai-nella-festa-della-padova-marathon-in-piu-di-46-mila-in-prato-della-valle\/#breadcrumb","itemListElement":[{"@type":"ListItem","position":1,"name":"Home","item":"https:\/\/padovamarathon.com\/en\/"},{"@type":"ListItem","position":2,"name":"KWEMBOI E CHEMUTAI NELLA FESTA DELLA PADOVA MARATHON: IN PI\u00d9 DI 46 MILA IN PRATO DELLA VALLE"}]},{"@type":"WebSite","@id":"https:\/\/padovamarathon.com\/#website","url":"https:\/\/padovamarathon.com\/","name":"Maratona di Sant'Antonio | Padova Marathon","description":"","publisher":{"@id":"https:\/\/padovamarathon.com\/#organization"},"potentialAction":[{"@type":"SearchAction","target":{"@type":"EntryPoint","urlTemplate":"https:\/\/padovamarathon.com\/?s={search_term_string}"},"query-input":{"@type":"PropertyValueSpecification","valueRequired":true,"valueName":"search_term_string"}}],"inLanguage":"en-US"},{"@type":"Organization","@id":"https:\/\/padovamarathon.com\/#organization","name":"Assidunstria Sport","url":"https:\/\/padovamarathon.com\/","logo":{"@type":"ImageObject","inLanguage":"en-US","@id":"https:\/\/padovamarathon.com\/#\/schema\/logo\/image\/","url":"https:\/\/padovamarathon.com\/wp-content\/uploads\/2023\/02\/padova-marathon-logo-dark.svg","contentUrl":"https:\/\/padovamarathon.com\/wp-content\/uploads\/2023\/02\/padova-marathon-logo-dark.svg","width":193,"height":86,"caption":"Assidunstria Sport"},"image":{"@id":"https:\/\/padovamarathon.com\/#\/schema\/logo\/image\/"},"sameAs":["https:\/\/www.facebook.com\/padovamarathon\/","https:\/\/www.youtube.com\/channel\/UCcuEh_1MUf_oXBto7XwOT8g","https:\/\/www.instagram.com\/padovamarathon\/"]},{"@type":"Person","@id":"https:\/\/padovamarathon.com\/#\/schema\/person\/51ea49416c4d79c1f9e1ef19262e750a","name":"padovamarathon","image":{"@type":"ImageObject","inLanguage":"en-US","@id":"https:\/\/padovamarathon.com\/#\/schema\/person\/image\/","url":"https:\/\/secure.gravatar.com\/avatar\/75500af15ea2ec10e6fe9e902572ed8508108a23a4792d529886051795bc33e3?s=96&d=mm&r=g","contentUrl":"https:\/\/secure.gravatar.com\/avatar\/75500af15ea2ec10e6fe9e902572ed8508108a23a4792d529886051795bc33e3?s=96&d=mm&r=g","caption":"padovamarathon"},"url":"https:\/\/padovamarathon.com\/en\/author\/padovamarathon\/"}]}},"_links":{"self":[{"href":"https:\/\/padovamarathon.com\/en\/wp-json\/wp\/v2\/posts\/5805","targetHints":{"allow":["GET"]}}],"collection":[{"href":"https:\/\/padovamarathon.com\/en\/wp-json\/wp\/v2\/posts"}],"about":[{"href":"https:\/\/padovamarathon.com\/en\/wp-json\/wp\/v2\/types\/post"}],"author":[{"embeddable":true,"href":"https:\/\/padovamarathon.com\/en\/wp-json\/wp\/v2\/users\/5"}],"replies":[{"embeddable":true,"href":"https:\/\/padovamarathon.com\/en\/wp-json\/wp\/v2\/comments?post=5805"}],"version-history":[{"count":6,"href":"https:\/\/padovamarathon.com\/en\/wp-json\/wp\/v2\/posts\/5805\/revisions"}],"predecessor-version":[{"id":5830,"href":"https:\/\/padovamarathon.com\/en\/wp-json\/wp\/v2\/posts\/5805\/revisions\/5830"}],"wp:featuredmedia":[{"embeddable":true,"href":"https:\/\/padovamarathon.com\/en\/wp-json\/wp\/v2\/media\/5806"}],"wp:attachment":[{"href":"https:\/\/padovamarathon.com\/en\/wp-json\/wp\/v2\/media?parent=5805"}],"wp:term":[{"taxonomy":"category","embeddable":true,"href":"https:\/\/padovamarathon.com\/en\/wp-json\/wp\/v2\/categories?post=5805"},{"taxonomy":"post_tag","embeddable":true,"href":"https:\/\/padovamarathon.com\/en\/wp-json\/wp\/v2\/tags?post=5805"}],"curies":[{"name":"wp","href":"https:\/\/api.w.org\/{rel}","templated":true}]}}