{"id":5718,"date":"2026-04-21T09:05:52","date_gmt":"2026-04-21T08:05:52","guid":{"rendered":"https:\/\/padovamarathon.com\/?p=5718"},"modified":"2026-04-21T09:47:58","modified_gmt":"2026-04-21T08:47:58","slug":"i-top-runners-della-padova-marathon-2","status":"publish","type":"post","link":"https:\/\/padovamarathon.com\/en\/i-top-runners-della-padova-marathon-2\/","title":{"rendered":"I TOP RUNNERS DELLA PADOVA MARATHON"},"content":{"rendered":"\n<p><em>Annunciati i protagonisti di domenica 26 aprile<\/em>: <em>Kwemboi e Bizoza i favoriti tra gli uomini, Jelagat, Chemutai e Omosa<\/em> <em>tra le donne. Molto azzurro nella mezza con Ouhda, Meucci e Lonedo<\/em>. <em>Tanti i nomi di livello nelle quattro gare, che si preannunciano<\/em> <em>combattute e dagli alti contenuti tecnici<\/em>.<\/p>\n\n\n\n<p><\/p>\n\n\n\n<p>L\u2019ugandese Kwemboi, che torna dopo l\u2019argento del 2025, il burundese Bizoza, che vanta il miglior personale, le keniane Jelagat, Chemutai e Omosa. E poi tanto azzurro nella mezza, con Ouhda, Meucci e Lonedo. Eccoli qui, i protagonisti della <strong>Padova Marathon 2026<\/strong>. Come da tradizione per l\u2019evento organizzato da <strong>Assindustria Sport<\/strong> a contendersi la vittoria in Prato della Valle saranno gli specialisti africani, ma non mancheranno gli atleti italiani di livello. L\u2019obiettivo \u00e8 chiaro: proporre sia nella prova principale che scatter\u00e0 dallo Stadio Euganeo alle 8.30, sia in quella da 21 chilometri al via da Abano Terme alle ore 9.45, gare veloci e di sicuro interesse. Ecco un prospetto delle principali sfide in programma.<\/p>\n\n\n\n<p class=\"has-text-align-center\"><strong>MARATONA<\/strong><\/p>\n\n\n\n<p><strong>UOMINI.<\/strong> Terzo nel 2024 nella mezza, secondo l\u2019anno scorso al debutto sulla distanza doppia in 2 ore 12\u201930\u201d &#8211; quello che rimane il suo personale anche dopo la vittoria colta a Muscat, in Oman, lo scorso gennaio &#8211; l\u2019ugandese <strong>Victor Kwemboi <\/strong>torna a Padova con l\u2019idea di migliorare ancora il suo piazzamento e salire sul gradino pi\u00f9 alto del podio. Non \u00e8 suo per\u00f2 il miglior personale tra quelli degli atleti al via: appartiene infatti al ventiduenne burundese <strong>Therence Bizoza<\/strong>, forte di un 2 ore 09\u201918\u201d realizzato ad Amsterdam nel 2023 e nel 2026 gi\u00e0 protagonista in Veneto con la vittoria, a febbraio, della Romeo&amp;Giulietta Half Marathon di Verona. Entrambi dovranno guardarsi dal keniano <strong>Dickson Simba Nyakundi<\/strong>, che si presenta alla partenza dopo aver dominato la maratona di Tel Aviv lo scorso 27 febbraio, bloccando il cronometro dopo 2 ore 10\u201914\u201d, miglior riscontro cronometrico di sempre sui 42 km per lui che, nel Belpaese, vanta una sfilza di affermazioni non banale nelle mezze maratone di Napoli, Piacenza, Milano, Treviso, Cremona, Pordenone e Ravenna.<\/p>\n\n\n\n<p>Ai pi\u00f9 attenti, poi, il nome dell\u2019eritreo<strong> Asmerom Shumay<\/strong> non giunger\u00e0 nuovo, in quanto fratello \u201cd\u2019arte\u201d di quel Mogos Suhmay che si impose nel 2018: proseguir\u00e0 la dinastia? Occhio poi alle possibili sorprese, legate ai keniani <strong>Elvis Kipchumba<\/strong>, al debutto, e <strong>Laban Chepkorom<\/strong>, gi\u00e0 sul terzo gradino del podio a Ravenna nel 2024, oltre al ruandese <strong>Yves Nimubona<\/strong>, forte di un PB vicino all\u2019ora nella mezza. E l\u2019Italia? C\u2019\u00e8 <strong>Roberto Graziotto<\/strong>.<\/p>\n\n\n\n<p><strong>DONNE. <\/strong>La keniana <strong>Violet Jelagat<\/strong>\u00a0conta su un personale ampiamente al di sotto del record della corsa, avendo corso in 2 ore 28\u201911\u201d a Monaco nel 2022. Non potr\u00e0 per\u00f2 stare tranquilla, perch\u00e9 la connazionale <strong>Gladys Chemutai<\/strong>, col suo 2 ore 29\u201953\u201d, ha i numeri per impensierirla e un palmares di rilievo, che contempla anche il primo posto sulle strade di Nairobi nel 2024. Pu\u00f2 dire la sua pure l\u2019altra keniana alla partenza, <strong>Teresiah Omosa<\/strong> (2 ore 30\u201912\u201d), prima a Tel Aviv e Kigali nel 2025. E non manca nemmeno qui una \u201cparente d\u2019arte\u201d, con la croata <strong>Natasa Sustic<\/strong>, prima a Bratislava nel 2024 e Zagabria nel 2024 e sorella di quella Nikolina pi\u00f9 volte tra le protagoniste a Padova. A tirare la gara provvederanno due portacolori di Assindustria Sport, <strong>Yogesh Ferro<\/strong> e <strong>Pietro Galati<\/strong>, lepri d\u2019eccezione in questa edizione.<\/p>\n\n\n\n<p class=\"has-text-align-center\"><strong>MEZZA MARATONA<\/strong><\/p>\n\n\n\n<p><strong>UOMINI. <\/strong>Tante volte compagno di Ruggero Pertile in nazionale, compresa l\u2019edizione degli Europei di Zurigo 2014, quella della medaglia d\u2019oro, <strong>Daniele Meucci<\/strong> \u00e8 uno dei volti pi\u00f9 conosciuti e attesi sulle strade padovane. L\u2019ingegnere pisano torna a correre la mezza maratona al via da Abano Terme dopo il quinto posto del 2021 e, a quarant\u2019anni compiuti, punta a migliorare quel piazzamento, presentandosi in ottime condizioni di forma, come attesta il secondo posto colto alla mezza di Verona a febbraio. Il favorito \u00e8 per\u00f2 l\u2019italo-marocchino <strong>Ahmed Ouhda<\/strong>, suo compagno di squadra nell\u2019Esercito e fresco della medaglia di bronzo conquistata con la squadra azzurra ai Mondiali militari di mezza maratona ad Antalya, in Turchia, chiusi al quarto posto a livello individuale. Con lui sul podio c\u2019era anche l\u2019aviere <strong>Giuseppe Gerratana<\/strong>, che ritrover\u00e0 a Padova.<\/p>\n\n\n\n<p>L\u2019outsider? Pu\u00f2 essere l\u2019atleta di casa <strong>Riccardo Martellato<\/strong>, nato proprio ad Abano Terme, da dove parte la gara, e sceso a un\u2019ora 03\u201936\u201d quest\u2019anno a Barcellona: \u00abSar\u00e0 la mia prima volta a Padova e so che sar\u00e0 emozionante &#8211; racconta il portacolori di Assindustria Sport -. L\u2019obiettivo? Migliorare il mio personale\u00bb. Con loro una nutrita schiera di italiani a partire da <strong>Daniele Farronato<\/strong>, che nel 2026 ha gi\u00e0 corso a Parigi e Barcellona attorno all\u2019ora e 03\u2019 e punta a migliorarsi, <strong>Nicol\u00f2 Petrin, Roberto Zironda <\/strong>e <strong>Paolo Pellizzari<\/strong>, mentre tra le lepri c\u2019\u00e8 anche l\u2019atleta giallobl\u00f9<strong> Tommaso Forner.<\/strong><\/p>\n\n\n\n<p><strong>DONNE. <\/strong>Tanta Italia fra le donne. Ci sono l\u2019atleta vicentina delle Fiamme Oro <strong>Rebecca Lonedo<\/strong>, argento a squadre agli Europei 2025 e forte del miglior personale (un\u2019ora 10\u201913\u201d, corso a Siviglia nel 2024); <strong>Nicole Reina<\/strong>, vincitrice di ben 32 titoli nazionali in carriera tra le varie categorie; <strong>Diletta Moressa<\/strong>, che torna per migliorare il quarto posto del 2025; l\u2019atleta \u201cdi casa\u201d <strong>Anna Frigerio<\/strong>, lecchese di nascita ma padovana adottiva, gi\u00e0 protagonista con la maglia di Assindustria Sport della stagione invernale; <strong>Luisa Gelmi<\/strong>, <strong>Martina Pezzotta<\/strong>, <strong>Francesca Crestani <\/strong>e la padovana <strong>Silvy Turcato<\/strong>. Dovranno guardarsi dalla keniana <strong>Valentine Jepkoech Rutto <\/strong>(un\u2019ora 10\u201950\u201d), gi\u00e0 prima a Malaga nel 2022.<\/p>\n\n\n\n<p class=\"has-text-align-center\"><strong>I RECORD DELLE GARE<\/strong><\/p>\n\n\n\n<p>\u00abAbbiamo costruito quattro gare di livello, in cui sar\u00e0 possibile provare a battere anche i record della corsa\u00bb, afferma <strong>Ruggero Pertile<\/strong>, direttore tecnico di Assindustria Sport e technical manager dell\u2019evento. E se lo dice lui, che a Padova si \u00e8 imposto due volte nella maratona (nel 2006 e nel 2016) e una nella mezza (nel 2013), oltre a rappresentare l\u2019Italia per tre volte ai Giochi Olimpici, c\u2019\u00e8 da crederci. \u00abIl cast mette assieme atleti esperti e giovani, che hanno la voglia e le qualit\u00e0 per imporsi sulla scena internazionale\u00bb.<\/p>\n\n\n\n<p>Per gli uomini il record della corsa appartiene al keniano <strong>Timothy Kipchumba<\/strong> (2 ore 08\u201922, stabilito nel 2024) e per le donne all\u2019etiope <strong>Waganesh Mekasha<\/strong> (2 ore 29\u201918\u201d, del 2018). Nella mezza maratona, per gli uomini \u00e8 del keniano <strong>Victor Kipchirchir<\/strong> (59\u201919\u201d nel 2021), per le donne della keniana <strong>Maureen Michira Gesare<\/strong> (un\u2019ora 08\u201930\u201d, anche questo siglato nel 2024).<\/p>\n\n\n\n<p><\/p>\n\n\n\n<figure class=\"wp-block-image size-large\"><img decoding=\"async\" src=\"data:image\/gif;base64,R0lGODlhAQABAIAAAAAAAP\/\/\/yH5BAEAAAAALAAAAAABAAEAAAIBRAA7\" data-src=\"https:\/\/padovamarathon.com\/wp-content\/uploads\/2026\/04\/zurigo_-Pertile-Meucci-1024x683.jpg\" alt=\"\" class=\"wp-image-5722 lazyload\"\/><noscript><img decoding=\"async\" width=\"1024\" height=\"683\" src=\"https:\/\/padovamarathon.com\/wp-content\/uploads\/2026\/04\/zurigo_-Pertile-Meucci-1024x683.jpg\" alt=\"\" class=\"wp-image-5722 lazyload\" srcset=\"https:\/\/padovamarathon.com\/wp-content\/uploads\/2026\/04\/zurigo_-Pertile-Meucci-1024x683.jpg 1024w, https:\/\/padovamarathon.com\/wp-content\/uploads\/2026\/04\/zurigo_-Pertile-Meucci-300x200.jpg 300w, https:\/\/padovamarathon.com\/wp-content\/uploads\/2026\/04\/zurigo_-Pertile-Meucci-768x512.jpg 768w, https:\/\/padovamarathon.com\/wp-content\/uploads\/2026\/04\/zurigo_-Pertile-Meucci-900x600.jpg 900w, https:\/\/padovamarathon.com\/wp-content\/uploads\/2026\/04\/zurigo_-Pertile-Meucci-600x400.jpg 600w, https:\/\/padovamarathon.com\/wp-content\/uploads\/2026\/04\/zurigo_-Pertile-Meucci.jpg 1280w\" sizes=\"(max-width: 1024px) 100vw, 1024px\" \/><\/noscript><\/figure>\n\n\n\n<p><\/p>\n\n\n\n<p><\/p>\n\n\n\n<figure class=\"wp-block-image size-large\"><img decoding=\"async\" src=\"data:image\/gif;base64,R0lGODlhAQABAIAAAAAAAP\/\/\/yH5BAEAAAAALAAAAAABAAEAAAIBRAA7\" data-src=\"https:\/\/padovamarathon.com\/wp-content\/uploads\/2026\/04\/Lonedo_Tokyo-819x1024.jpg\" alt=\"\" class=\"wp-image-5724 lazyload\"\/><noscript><img decoding=\"async\" width=\"819\" height=\"1024\" src=\"https:\/\/padovamarathon.com\/wp-content\/uploads\/2026\/04\/Lonedo_Tokyo-819x1024.jpg\" alt=\"\" class=\"wp-image-5724 lazyload\" srcset=\"https:\/\/padovamarathon.com\/wp-content\/uploads\/2026\/04\/Lonedo_Tokyo-819x1024.jpg 819w, https:\/\/padovamarathon.com\/wp-content\/uploads\/2026\/04\/Lonedo_Tokyo-240x300.jpg 240w, https:\/\/padovamarathon.com\/wp-content\/uploads\/2026\/04\/Lonedo_Tokyo-768x960.jpg 768w, https:\/\/padovamarathon.com\/wp-content\/uploads\/2026\/04\/Lonedo_Tokyo-1229x1536.jpg 1229w, https:\/\/padovamarathon.com\/wp-content\/uploads\/2026\/04\/Lonedo_Tokyo-600x750.jpg 600w, https:\/\/padovamarathon.com\/wp-content\/uploads\/2026\/04\/Lonedo_Tokyo.jpg 1600w\" sizes=\"(max-width: 819px) 100vw, 819px\" \/><\/noscript><\/figure>\n\n\n\n<p><\/p>\n\n\n\n<p><\/p>\n\n\n\n<p><em>Nella foto (di Massimo Bertolini) Viktor Kwemboi sul traguardo della Padova Marathon 2025; Ruggero Pertile e Daniele Meucci assieme agli Europei di Zurigo 2014 (Colombo\/Fidal); Rebecca Lonedo ai Mondiali di Tokyo 2025 (Grana\/Fidal)<\/em><\/p>\n","protected":false},"excerpt":{"rendered":"<p>Annunciati i protagonisti di domenica 26 aprile: Kwemboi e Bizoza i favoriti tra gli uomini, Jelagat, Chemutai e Omosa tra le donne. Molto azzurro nella mezza con Ouhda, Meucci e&#8230;<\/p>\n","protected":false},"author":5,"featured_media":5720,"comment_status":"closed","ping_status":"closed","sticky":false,"template":"","format":"standard","meta":{"footnotes":""},"categories":[54],"tags":[],"class_list":{"0":"post-5718","1":"post","2":"type-post","3":"status-publish","4":"format-standard","5":"has-post-thumbnail","7":"category-news"},"yoast_head":"<!-- This site is optimized with the Yoast SEO plugin v26.5 - https:\/\/yoast.com\/wordpress\/plugins\/seo\/ -->\n<title>I TOP RUNNERS DELLA PADOVA MARATHON | Padova Marathon Shop<\/title>\n<meta name=\"robots\" content=\"index, follow, max-snippet:-1, max-image-preview:large, max-video-preview:-1\" \/>\n<link rel=\"canonical\" href=\"https:\/\/padovamarathon.com\/i-top-runners-della-padova-marathon-2\/\" \/>\n<meta property=\"og:locale\" content=\"en_US\" \/>\n<meta property=\"og:type\" content=\"article\" \/>\n<meta property=\"og:title\" content=\"I TOP RUNNERS DELLA PADOVA MARATHON | Padova Marathon Shop\" \/>\n<meta property=\"og:description\" content=\"Annunciati i protagonisti di domenica 26 aprile: Kwemboi e Bizoza i favoriti tra gli uomini, Jelagat, Chemutai e Omosa tra le donne. Molto azzurro nella mezza con Ouhda, Meucci e...\" \/>\n<meta property=\"og:url\" content=\"https:\/\/padovamarathon.com\/i-top-runners-della-padova-marathon-2\/\" \/>\n<meta property=\"og:site_name\" content=\"Padova Marathon Shop\" \/>\n<meta property=\"article:publisher\" content=\"https:\/\/www.facebook.com\/padovamarathon\/\" \/>\n<meta property=\"article:published_time\" content=\"2026-04-21T08:05:52+00:00\" \/>\n<meta property=\"article:modified_time\" content=\"2026-04-21T08:47:58+00:00\" \/>\n<meta property=\"og:image\" content=\"https:\/\/padovamarathon.com\/wp-content\/uploads\/2026\/04\/Kwemboi-2025-foto-Bertolini.jpeg\" \/>\n\t<meta property=\"og:image:width\" content=\"1600\" \/>\n\t<meta property=\"og:image:height\" content=\"1065\" \/>\n\t<meta property=\"og:image:type\" content=\"image\/jpeg\" \/>\n<meta name=\"author\" content=\"padovamarathon\" \/>\n<meta name=\"twitter:card\" content=\"summary_large_image\" \/>\n<meta name=\"twitter:label1\" content=\"Written by\" \/>\n\t<meta name=\"twitter:data1\" content=\"padovamarathon\" \/>\n\t<meta name=\"twitter:label2\" content=\"Est. reading time\" \/>\n\t<meta name=\"twitter:data2\" content=\"7 minutes\" \/>\n<script type=\"application\/ld+json\" class=\"yoast-schema-graph\">{\"@context\":\"https:\/\/schema.org\",\"@graph\":[{\"@type\":\"Article\",\"@id\":\"https:\/\/padovamarathon.com\/i-top-runners-della-padova-marathon-2\/#article\",\"isPartOf\":{\"@id\":\"https:\/\/padovamarathon.com\/i-top-runners-della-padova-marathon-2\/\"},\"author\":{\"name\":\"padovamarathon\",\"@id\":\"https:\/\/padovamarathon.com\/#\/schema\/person\/51ea49416c4d79c1f9e1ef19262e750a\"},\"headline\":\"I TOP RUNNERS DELLA PADOVA MARATHON\",\"datePublished\":\"2026-04-21T08:05:52+00:00\",\"dateModified\":\"2026-04-21T08:47:58+00:00\",\"mainEntityOfPage\":{\"@id\":\"https:\/\/padovamarathon.com\/i-top-runners-della-padova-marathon-2\/\"},\"wordCount\":1052,\"publisher\":{\"@id\":\"https:\/\/padovamarathon.com\/#organization\"},\"image\":{\"@id\":\"https:\/\/padovamarathon.com\/i-top-runners-della-padova-marathon-2\/#primaryimage\"},\"thumbnailUrl\":\"https:\/\/padovamarathon.com\/wp-content\/uploads\/2026\/04\/Kwemboi-2025-foto-Bertolini.jpeg\",\"articleSection\":[\"News\"],\"inLanguage\":\"en-US\"},{\"@type\":\"WebPage\",\"@id\":\"https:\/\/padovamarathon.com\/i-top-runners-della-padova-marathon-2\/\",\"url\":\"https:\/\/padovamarathon.com\/i-top-runners-della-padova-marathon-2\/\",\"name\":\"I TOP RUNNERS DELLA PADOVA MARATHON | Padova Marathon Shop\",\"isPartOf\":{\"@id\":\"https:\/\/padovamarathon.com\/#website\"},\"primaryImageOfPage\":{\"@id\":\"https:\/\/padovamarathon.com\/i-top-runners-della-padova-marathon-2\/#primaryimage\"},\"image\":{\"@id\":\"https:\/\/padovamarathon.com\/i-top-runners-della-padova-marathon-2\/#primaryimage\"},\"thumbnailUrl\":\"https:\/\/padovamarathon.com\/wp-content\/uploads\/2026\/04\/Kwemboi-2025-foto-Bertolini.jpeg\",\"datePublished\":\"2026-04-21T08:05:52+00:00\",\"dateModified\":\"2026-04-21T08:47:58+00:00\",\"breadcrumb\":{\"@id\":\"https:\/\/padovamarathon.com\/i-top-runners-della-padova-marathon-2\/#breadcrumb\"},\"inLanguage\":\"en-US\",\"potentialAction\":[{\"@type\":\"ReadAction\",\"target\":[\"https:\/\/padovamarathon.com\/i-top-runners-della-padova-marathon-2\/\"]}]},{\"@type\":\"ImageObject\",\"inLanguage\":\"en-US\",\"@id\":\"https:\/\/padovamarathon.com\/i-top-runners-della-padova-marathon-2\/#primaryimage\",\"url\":\"https:\/\/padovamarathon.com\/wp-content\/uploads\/2026\/04\/Kwemboi-2025-foto-Bertolini.jpeg\",\"contentUrl\":\"https:\/\/padovamarathon.com\/wp-content\/uploads\/2026\/04\/Kwemboi-2025-foto-Bertolini.jpeg\",\"width\":1600,\"height\":1065},{\"@type\":\"BreadcrumbList\",\"@id\":\"https:\/\/padovamarathon.com\/i-top-runners-della-padova-marathon-2\/#breadcrumb\",\"itemListElement\":[{\"@type\":\"ListItem\",\"position\":1,\"name\":\"Home\",\"item\":\"https:\/\/padovamarathon.com\/en\/\"},{\"@type\":\"ListItem\",\"position\":2,\"name\":\"I TOP RUNNERS DELLA PADOVA MARATHON\"}]},{\"@type\":\"WebSite\",\"@id\":\"https:\/\/padovamarathon.com\/#website\",\"url\":\"https:\/\/padovamarathon.com\/\",\"name\":\"Maratona di Sant'Antonio | Padova Marathon\",\"description\":\"\",\"publisher\":{\"@id\":\"https:\/\/padovamarathon.com\/#organization\"},\"potentialAction\":[{\"@type\":\"SearchAction\",\"target\":{\"@type\":\"EntryPoint\",\"urlTemplate\":\"https:\/\/padovamarathon.com\/?s={search_term_string}\"},\"query-input\":{\"@type\":\"PropertyValueSpecification\",\"valueRequired\":true,\"valueName\":\"search_term_string\"}}],\"inLanguage\":\"en-US\"},{\"@type\":\"Organization\",\"@id\":\"https:\/\/padovamarathon.com\/#organization\",\"name\":\"Assidunstria Sport\",\"url\":\"https:\/\/padovamarathon.com\/\",\"logo\":{\"@type\":\"ImageObject\",\"inLanguage\":\"en-US\",\"@id\":\"https:\/\/padovamarathon.com\/#\/schema\/logo\/image\/\",\"url\":\"https:\/\/padovamarathon.com\/wp-content\/uploads\/2023\/02\/padova-marathon-logo-dark.svg\",\"contentUrl\":\"https:\/\/padovamarathon.com\/wp-content\/uploads\/2023\/02\/padova-marathon-logo-dark.svg\",\"width\":193,\"height\":86,\"caption\":\"Assidunstria Sport\"},\"image\":{\"@id\":\"https:\/\/padovamarathon.com\/#\/schema\/logo\/image\/\"},\"sameAs\":[\"https:\/\/www.facebook.com\/padovamarathon\/\",\"https:\/\/www.youtube.com\/channel\/UCcuEh_1MUf_oXBto7XwOT8g\",\"https:\/\/www.instagram.com\/padovamarathon\/\"]},{\"@type\":\"Person\",\"@id\":\"https:\/\/padovamarathon.com\/#\/schema\/person\/51ea49416c4d79c1f9e1ef19262e750a\",\"name\":\"padovamarathon\",\"image\":{\"@type\":\"ImageObject\",\"inLanguage\":\"en-US\",\"@id\":\"https:\/\/padovamarathon.com\/#\/schema\/person\/image\/\",\"url\":\"https:\/\/secure.gravatar.com\/avatar\/75500af15ea2ec10e6fe9e902572ed8508108a23a4792d529886051795bc33e3?s=96&d=mm&r=g\",\"contentUrl\":\"https:\/\/secure.gravatar.com\/avatar\/75500af15ea2ec10e6fe9e902572ed8508108a23a4792d529886051795bc33e3?s=96&d=mm&r=g\",\"caption\":\"padovamarathon\"},\"url\":\"https:\/\/padovamarathon.com\/en\/author\/padovamarathon\/\"}]}<\/script>\n<!-- \/ Yoast SEO plugin. -->","yoast_head_json":{"title":"I TOP RUNNERS DELLA PADOVA MARATHON | Padova Marathon Shop","robots":{"index":"index","follow":"follow","max-snippet":"max-snippet:-1","max-image-preview":"max-image-preview:large","max-video-preview":"max-video-preview:-1"},"canonical":"https:\/\/padovamarathon.com\/i-top-runners-della-padova-marathon-2\/","og_locale":"en_US","og_type":"article","og_title":"I TOP RUNNERS DELLA PADOVA MARATHON | Padova Marathon Shop","og_description":"Annunciati i protagonisti di domenica 26 aprile: Kwemboi e Bizoza i favoriti tra gli uomini, Jelagat, Chemutai e Omosa tra le donne. Molto azzurro nella mezza con Ouhda, Meucci e...","og_url":"https:\/\/padovamarathon.com\/i-top-runners-della-padova-marathon-2\/","og_site_name":"Padova Marathon Shop","article_publisher":"https:\/\/www.facebook.com\/padovamarathon\/","article_published_time":"2026-04-21T08:05:52+00:00","article_modified_time":"2026-04-21T08:47:58+00:00","og_image":[{"width":1600,"height":1065,"url":"https:\/\/padovamarathon.com\/wp-content\/uploads\/2026\/04\/Kwemboi-2025-foto-Bertolini.jpeg","type":"image\/jpeg"}],"author":"padovamarathon","twitter_card":"summary_large_image","twitter_misc":{"Written by":"padovamarathon","Est. reading time":"7 minutes"},"schema":{"@context":"https:\/\/schema.org","@graph":[{"@type":"Article","@id":"https:\/\/padovamarathon.com\/i-top-runners-della-padova-marathon-2\/#article","isPartOf":{"@id":"https:\/\/padovamarathon.com\/i-top-runners-della-padova-marathon-2\/"},"author":{"name":"padovamarathon","@id":"https:\/\/padovamarathon.com\/#\/schema\/person\/51ea49416c4d79c1f9e1ef19262e750a"},"headline":"I TOP RUNNERS DELLA PADOVA MARATHON","datePublished":"2026-04-21T08:05:52+00:00","dateModified":"2026-04-21T08:47:58+00:00","mainEntityOfPage":{"@id":"https:\/\/padovamarathon.com\/i-top-runners-della-padova-marathon-2\/"},"wordCount":1052,"publisher":{"@id":"https:\/\/padovamarathon.com\/#organization"},"image":{"@id":"https:\/\/padovamarathon.com\/i-top-runners-della-padova-marathon-2\/#primaryimage"},"thumbnailUrl":"https:\/\/padovamarathon.com\/wp-content\/uploads\/2026\/04\/Kwemboi-2025-foto-Bertolini.jpeg","articleSection":["News"],"inLanguage":"en-US"},{"@type":"WebPage","@id":"https:\/\/padovamarathon.com\/i-top-runners-della-padova-marathon-2\/","url":"https:\/\/padovamarathon.com\/i-top-runners-della-padova-marathon-2\/","name":"I TOP RUNNERS DELLA PADOVA MARATHON | Padova Marathon Shop","isPartOf":{"@id":"https:\/\/padovamarathon.com\/#website"},"primaryImageOfPage":{"@id":"https:\/\/padovamarathon.com\/i-top-runners-della-padova-marathon-2\/#primaryimage"},"image":{"@id":"https:\/\/padovamarathon.com\/i-top-runners-della-padova-marathon-2\/#primaryimage"},"thumbnailUrl":"https:\/\/padovamarathon.com\/wp-content\/uploads\/2026\/04\/Kwemboi-2025-foto-Bertolini.jpeg","datePublished":"2026-04-21T08:05:52+00:00","dateModified":"2026-04-21T08:47:58+00:00","breadcrumb":{"@id":"https:\/\/padovamarathon.com\/i-top-runners-della-padova-marathon-2\/#breadcrumb"},"inLanguage":"en-US","potentialAction":[{"@type":"ReadAction","target":["https:\/\/padovamarathon.com\/i-top-runners-della-padova-marathon-2\/"]}]},{"@type":"ImageObject","inLanguage":"en-US","@id":"https:\/\/padovamarathon.com\/i-top-runners-della-padova-marathon-2\/#primaryimage","url":"https:\/\/padovamarathon.com\/wp-content\/uploads\/2026\/04\/Kwemboi-2025-foto-Bertolini.jpeg","contentUrl":"https:\/\/padovamarathon.com\/wp-content\/uploads\/2026\/04\/Kwemboi-2025-foto-Bertolini.jpeg","width":1600,"height":1065},{"@type":"BreadcrumbList","@id":"https:\/\/padovamarathon.com\/i-top-runners-della-padova-marathon-2\/#breadcrumb","itemListElement":[{"@type":"ListItem","position":1,"name":"Home","item":"https:\/\/padovamarathon.com\/en\/"},{"@type":"ListItem","position":2,"name":"I TOP RUNNERS DELLA PADOVA MARATHON"}]},{"@type":"WebSite","@id":"https:\/\/padovamarathon.com\/#website","url":"https:\/\/padovamarathon.com\/","name":"Maratona di Sant'Antonio | Padova Marathon","description":"","publisher":{"@id":"https:\/\/padovamarathon.com\/#organization"},"potentialAction":[{"@type":"SearchAction","target":{"@type":"EntryPoint","urlTemplate":"https:\/\/padovamarathon.com\/?s={search_term_string}"},"query-input":{"@type":"PropertyValueSpecification","valueRequired":true,"valueName":"search_term_string"}}],"inLanguage":"en-US"},{"@type":"Organization","@id":"https:\/\/padovamarathon.com\/#organization","name":"Assidunstria Sport","url":"https:\/\/padovamarathon.com\/","logo":{"@type":"ImageObject","inLanguage":"en-US","@id":"https:\/\/padovamarathon.com\/#\/schema\/logo\/image\/","url":"https:\/\/padovamarathon.com\/wp-content\/uploads\/2023\/02\/padova-marathon-logo-dark.svg","contentUrl":"https:\/\/padovamarathon.com\/wp-content\/uploads\/2023\/02\/padova-marathon-logo-dark.svg","width":193,"height":86,"caption":"Assidunstria Sport"},"image":{"@id":"https:\/\/padovamarathon.com\/#\/schema\/logo\/image\/"},"sameAs":["https:\/\/www.facebook.com\/padovamarathon\/","https:\/\/www.youtube.com\/channel\/UCcuEh_1MUf_oXBto7XwOT8g","https:\/\/www.instagram.com\/padovamarathon\/"]},{"@type":"Person","@id":"https:\/\/padovamarathon.com\/#\/schema\/person\/51ea49416c4d79c1f9e1ef19262e750a","name":"padovamarathon","image":{"@type":"ImageObject","inLanguage":"en-US","@id":"https:\/\/padovamarathon.com\/#\/schema\/person\/image\/","url":"https:\/\/secure.gravatar.com\/avatar\/75500af15ea2ec10e6fe9e902572ed8508108a23a4792d529886051795bc33e3?s=96&d=mm&r=g","contentUrl":"https:\/\/secure.gravatar.com\/avatar\/75500af15ea2ec10e6fe9e902572ed8508108a23a4792d529886051795bc33e3?s=96&d=mm&r=g","caption":"padovamarathon"},"url":"https:\/\/padovamarathon.com\/en\/author\/padovamarathon\/"}]}},"_links":{"self":[{"href":"https:\/\/padovamarathon.com\/en\/wp-json\/wp\/v2\/posts\/5718","targetHints":{"allow":["GET"]}}],"collection":[{"href":"https:\/\/padovamarathon.com\/en\/wp-json\/wp\/v2\/posts"}],"about":[{"href":"https:\/\/padovamarathon.com\/en\/wp-json\/wp\/v2\/types\/post"}],"author":[{"embeddable":true,"href":"https:\/\/padovamarathon.com\/en\/wp-json\/wp\/v2\/users\/5"}],"replies":[{"embeddable":true,"href":"https:\/\/padovamarathon.com\/en\/wp-json\/wp\/v2\/comments?post=5718"}],"version-history":[{"count":6,"href":"https:\/\/padovamarathon.com\/en\/wp-json\/wp\/v2\/posts\/5718\/revisions"}],"predecessor-version":[{"id":5733,"href":"https:\/\/padovamarathon.com\/en\/wp-json\/wp\/v2\/posts\/5718\/revisions\/5733"}],"wp:featuredmedia":[{"embeddable":true,"href":"https:\/\/padovamarathon.com\/en\/wp-json\/wp\/v2\/media\/5720"}],"wp:attachment":[{"href":"https:\/\/padovamarathon.com\/en\/wp-json\/wp\/v2\/media?parent=5718"}],"wp:term":[{"taxonomy":"category","embeddable":true,"href":"https:\/\/padovamarathon.com\/en\/wp-json\/wp\/v2\/categories?post=5718"},{"taxonomy":"post_tag","embeddable":true,"href":"https:\/\/padovamarathon.com\/en\/wp-json\/wp\/v2\/tags?post=5718"}],"curies":[{"name":"wp","href":"https:\/\/api.w.org\/{rel}","templated":true}]}}