{"id":5260,"date":"2025-10-31T21:23:57","date_gmt":"2025-10-31T20:23:57","guid":{"rendered":"https:\/\/padovamarathon.com\/?p=5260"},"modified":"2025-12-15T10:29:28","modified_gmt":"2025-12-15T09:29:28","slug":"padova-corre-nella-notte-la-magia-della-prima-night-run","status":"publish","type":"post","link":"https:\/\/padovamarathon.com\/en\/padova-corre-nella-notte-la-magia-della-prima-night-run\/","title":{"rendered":"PADOVA CORRE NELLA NOTTE: LA MAGIA DELLA PRIMA NIGHT RUN"},"content":{"rendered":"\n<p><em>1.100 podisti hanno corso nel cuore della citt\u00e0 tra entusiasmo,<\/em> <em>musica e divertimento nella prima serata di Tuttinfiera 2025.<\/em> <em>Tantissimi i giovani: et\u00e0 media di 33,6 anni, 35 le nazioni rappresentate al via<\/em><\/p>\n\n\n\n<p><\/p>\n\n\n\n<p>Padova si \u00e8 accesa di energia e colore nella serata di venerd\u00ec 31 ottobre grazie alla <strong>prima edizione della Padova Night Run<\/strong>, la corsa in notturna che ha trasformato le strade e le piazze pi\u00f9 iconiche della citt\u00e0 in un palcoscenico di sport e partecipazione. Dalla partenza alla Fiera, in concomitanza con<strong> Tuttinfiera<\/strong>, fino al traguardo dopo dieci chilometri di emozioni, la manifestazione organizzata da <strong>Assindustria Sport<\/strong> ha fatto registrare un <strong>entusiasmo straordinario<\/strong>, con<strong> 1.100 partecipanti<\/strong> al via.<\/p>\n\n\n\n<p>Un debutto da incorniciare per un format inedito che ha saputo unire <strong>sport, socialit\u00e0 e spettacolo<\/strong>, valorizzando al tempo stesso il patrimonio artistico e urbano di Padova. Lungo il tracciato &#8211; dal Parco Europa al Piovego, dal centro storico a Prato della Valle fino al ritorno in Fiera dopo un passaggio suggestivo nei Giardini dell\u2019Arena, aperti eccezionalmente per il transito &#8211; i podisti hanno potuto vivere la citt\u00e0 da una prospettiva nuova, accompagnati da musica, luci e un pubblico caloroso. Podisti, \u00e8 il caso di sottolinearlo, dall\u2019<strong>et\u00e0 media <\/strong><strong>di<\/strong><strong>33,6 anni<\/strong>, molto \u201cverde\u201d per una corsa podistica, a dimostrazione dell\u2019appeal dell\u2019evento anche fra gli studenti. Altro dato da evidenziare la presenza dall\u2019estero: <strong>35<\/strong><strong> le nazioni rappresentate al via<\/strong>, riscontro davvero importante per una manifestazione non agonistica.<\/p>\n\n\n\n<p>Pur trattandosi di una <strong>corsa non competitiva<\/strong>, \u00e8 doveroso menzionare i pi\u00f9 veloci al traguardo, premiati simbolicamente al termine dell\u2019evento: tra gli uomini si sono distinti il venticinquenne inglese <strong>Jake Collier<\/strong>, studente universitario a Padova, che si \u00e8 presentato per primo in Fiera in 32\u201928\u201d, il padovano (di Saonara)<strong> Stefano Tombolato<\/strong>, secondo in 33\u201951\u201d, e l\u2019altro padovano<strong> Gianluca Maiorano, <\/strong>gi\u00e0 campione italiano Master di maratona SM55, terzo in 35\u201927\u201d; tra le donne, taglia per prima il traguardo la trentaduenne veronese <strong>Laura Ferretto<\/strong>, in 41\u201936\u201d, davanti alla francese<strong> Oc\u00e9ane Mah\u00e9<\/strong> (43\u201923\u201d) e alla vicentina <strong>Chiara Moni<\/strong> (43\u201944\u201d). Tutti i risultati sono consultabili a questo link: https:\/\/www.endu.net\/it\/events\/padova-night-run\/results. Essendo una corsa non competitiva i partecipanti potranno \u201critrovarsi\u201d in ordine alfabetico con i relativi tempi.<\/p>\n\n\n\n<p>La manifestazione, patrocinata dal <strong>Comune di Padova<\/strong>, \u00e8 stata resa possibile grazie al sostegno di <strong>BPER Banca<\/strong> ed <strong>Eikos<\/strong>, affiancate da <strong>KPMG<\/strong>, <strong>Al\u00ec Supermercati<\/strong>, <strong>San Benedetto<\/strong>, <strong>Therminus<\/strong> e <strong>Radio Piterpan<\/strong>, mediapartner ufficiale. Fondamentale la collaborazione con <strong>Fiasp<\/strong>, <strong>Protezione Civile del Comune di Padova<\/strong> e <strong>Associazione Alpini<\/strong>, che hanno garantito sicurezza, presidio e ristori lungo il percorso.<\/p>\n\n\n\n<p>\u00abLa risposta \u00e8 andata oltre ogni aspettativa\u00bb, ha commentato il presidente di Assindustria Sport <strong>Roberto Gasparetto<\/strong>. \u00abAbbiamo sentito un entusiasmo contagioso lungo tutto il percorso. Padova ha dimostrato di voler vivere la citt\u00e0 in modo nuovo, unendo sport, bellezza e comunit\u00e0. Il riscontro immediato ci ha sorpreso positivamente: in pochi giorni abbiamo raggiunto il limite iniziale di iscrizioni, tanto da decidere di ampliarlo. \u00c8 la conferma che Padova aveva voglia di un evento cos\u00ec, capace di unire sport, bellezza e partecipazione. Questa prima edizione \u00e8 soltanto l\u2019inizio: la Padova Night Run ha tutte le carte in regola per diventare una nuova tradizione\u00bb.<\/p>\n\n\n\n<p>Un debutto luminoso, dunque, che ha confermato la voglia di correre, incontrarsi e condividere emozioni sotto le stelle della citt\u00e0.<\/p>\n\n\n\n<figure class=\"wp-block-image size-large\"><img decoding=\"async\" src=\"data:image\/gif;base64,R0lGODlhAQABAIAAAAAAAP\/\/\/yH5BAEAAAAALAAAAAABAAEAAAIBRAA7\" data-src=\"https:\/\/padovamarathon.com\/wp-content\/uploads\/2025\/10\/partenza-foto-Videoe20-1024x668.jpeg\" alt=\"\" class=\"wp-image-5263 lazyload\"\/><noscript><img decoding=\"async\" width=\"1024\" height=\"668\" src=\"https:\/\/padovamarathon.com\/wp-content\/uploads\/2025\/10\/partenza-foto-Videoe20-1024x668.jpeg\" alt=\"\" class=\"wp-image-5263 lazyload\" srcset=\"https:\/\/padovamarathon.com\/wp-content\/uploads\/2025\/10\/partenza-foto-Videoe20-1024x668.jpeg 1024w, https:\/\/padovamarathon.com\/wp-content\/uploads\/2025\/10\/partenza-foto-Videoe20-300x196.jpeg 300w, https:\/\/padovamarathon.com\/wp-content\/uploads\/2025\/10\/partenza-foto-Videoe20-768x501.jpeg 768w, https:\/\/padovamarathon.com\/wp-content\/uploads\/2025\/10\/partenza-foto-Videoe20-1536x1003.jpeg 1536w, https:\/\/padovamarathon.com\/wp-content\/uploads\/2025\/10\/partenza-foto-Videoe20-600x392.jpeg 600w, https:\/\/padovamarathon.com\/wp-content\/uploads\/2025\/10\/partenza-foto-Videoe20.jpeg 1806w\" sizes=\"(max-width: 1024px) 100vw, 1024px\" \/><\/noscript><\/figure>\n\n\n\n<p><\/p>\n\n\n\n<figure class=\"wp-block-image size-large\"><img decoding=\"async\" src=\"data:image\/gif;base64,R0lGODlhAQABAIAAAAAAAP\/\/\/yH5BAEAAAAALAAAAAABAAEAAAIBRAA7\" data-src=\"https:\/\/padovamarathon.com\/wp-content\/uploads\/2025\/10\/Collier-Gasparetto-Condemi-684x1024.jpg\" alt=\"\" class=\"wp-image-5265 lazyload\"\/><noscript><img decoding=\"async\" width=\"684\" height=\"1024\" src=\"https:\/\/padovamarathon.com\/wp-content\/uploads\/2025\/10\/Collier-Gasparetto-Condemi-684x1024.jpg\" alt=\"\" class=\"wp-image-5265 lazyload\" srcset=\"https:\/\/padovamarathon.com\/wp-content\/uploads\/2025\/10\/Collier-Gasparetto-Condemi-684x1024.jpg 684w, https:\/\/padovamarathon.com\/wp-content\/uploads\/2025\/10\/Collier-Gasparetto-Condemi-200x300.jpg 200w, https:\/\/padovamarathon.com\/wp-content\/uploads\/2025\/10\/Collier-Gasparetto-Condemi-768x1149.jpg 768w, https:\/\/padovamarathon.com\/wp-content\/uploads\/2025\/10\/Collier-Gasparetto-Condemi-1027x1536.jpg 1027w, https:\/\/padovamarathon.com\/wp-content\/uploads\/2025\/10\/Collier-Gasparetto-Condemi-600x898.jpg 600w, https:\/\/padovamarathon.com\/wp-content\/uploads\/2025\/10\/Collier-Gasparetto-Condemi.jpg 1080w\" sizes=\"(max-width: 684px) 100vw, 684px\" \/><\/noscript><\/figure>\n\n\n\n<p><\/p>\n\n\n\n<figure class=\"wp-block-image size-large\"><img decoding=\"async\" src=\"data:image\/gif;base64,R0lGODlhAQABAIAAAAAAAP\/\/\/yH5BAEAAAAALAAAAAABAAEAAAIBRAA7\" data-src=\"https:\/\/padovamarathon.com\/wp-content\/uploads\/2025\/10\/Ferretto-foto-Bassan-1024x685.jpg\" alt=\"\" class=\"wp-image-5267 lazyload\"\/><noscript><img decoding=\"async\" width=\"1024\" height=\"685\" src=\"https:\/\/padovamarathon.com\/wp-content\/uploads\/2025\/10\/Ferretto-foto-Bassan-1024x685.jpg\" alt=\"\" class=\"wp-image-5267 lazyload\" srcset=\"https:\/\/padovamarathon.com\/wp-content\/uploads\/2025\/10\/Ferretto-foto-Bassan-1024x685.jpg 1024w, https:\/\/padovamarathon.com\/wp-content\/uploads\/2025\/10\/Ferretto-foto-Bassan-300x201.jpg 300w, https:\/\/padovamarathon.com\/wp-content\/uploads\/2025\/10\/Ferretto-foto-Bassan-768x513.jpg 768w, https:\/\/padovamarathon.com\/wp-content\/uploads\/2025\/10\/Ferretto-foto-Bassan-400x269.jpg 400w, https:\/\/padovamarathon.com\/wp-content\/uploads\/2025\/10\/Ferretto-foto-Bassan-600x401.jpg 600w, https:\/\/padovamarathon.com\/wp-content\/uploads\/2025\/10\/Ferretto-foto-Bassan.jpg 1469w\" sizes=\"(max-width: 1024px) 100vw, 1024px\" \/><\/noscript><\/figure>\n\n\n\n<p><\/p>\n\n\n\n<p><em>Nelle foto (di <\/em><em>Elia Bassan <\/em><em>e di Videoe20<\/em><em>) <\/em><em>la partenza e i due vincitori (Collier \u00e8 col presidente di Assindustria Sport Roberto Gasparetto e con Carolina Condemi, responsabile eventi della societ\u00e0 giallobl\u00f9)<\/em><\/p>\n\n\n\n<p><\/p>\n","protected":false},"excerpt":{"rendered":"<p>1.100 podisti hanno corso nel cuore della citt\u00e0 tra entusiasmo, musica e divertimento nella prima serata di Tuttinfiera 2025. Tantissimi i giovani: et\u00e0 media di 33,6 anni, 35 le nazioni&#8230;<\/p>\n","protected":false},"author":5,"featured_media":5261,"comment_status":"closed","ping_status":"closed","sticky":false,"template":"","format":"standard","meta":{"footnotes":""},"categories":[54,1],"tags":[],"class_list":{"0":"post-5260","1":"post","2":"type-post","3":"status-publish","4":"format-standard","5":"has-post-thumbnail","7":"category-news","8":"category-non-categorizzato"},"yoast_head":"<!-- This site is optimized with the Yoast SEO plugin v26.5 - https:\/\/yoast.com\/wordpress\/plugins\/seo\/ -->\n<title>PADOVA CORRE NELLA NOTTE: LA MAGIA DELLA PRIMA NIGHT RUN | Padova Marathon Shop<\/title>\n<meta name=\"robots\" content=\"index, follow, max-snippet:-1, max-image-preview:large, max-video-preview:-1\" \/>\n<link rel=\"canonical\" href=\"https:\/\/padovamarathon.com\/padova-corre-nella-notte-la-magia-della-prima-night-run\/\" \/>\n<meta property=\"og:locale\" content=\"en_US\" \/>\n<meta property=\"og:type\" content=\"article\" \/>\n<meta property=\"og:title\" content=\"PADOVA CORRE NELLA NOTTE: LA MAGIA DELLA PRIMA NIGHT RUN | Padova Marathon Shop\" \/>\n<meta property=\"og:description\" content=\"1.100 podisti hanno corso nel cuore della citt\u00e0 tra entusiasmo, musica e divertimento nella prima serata di Tuttinfiera 2025. Tantissimi i giovani: et\u00e0 media di 33,6 anni, 35 le nazioni...\" \/>\n<meta property=\"og:url\" content=\"https:\/\/padovamarathon.com\/padova-corre-nella-notte-la-magia-della-prima-night-run\/\" \/>\n<meta property=\"og:site_name\" content=\"Padova Marathon Shop\" \/>\n<meta property=\"article:publisher\" content=\"https:\/\/www.facebook.com\/padovamarathon\/\" \/>\n<meta property=\"article:published_time\" content=\"2025-10-31T20:23:57+00:00\" \/>\n<meta property=\"article:modified_time\" content=\"2025-12-15T09:29:28+00:00\" \/>\n<meta property=\"og:image\" content=\"https:\/\/padovamarathon.com\/wp-content\/uploads\/2025\/10\/partenza-Bassan.jpg\" \/>\n\t<meta property=\"og:image:width\" content=\"1455\" \/>\n\t<meta property=\"og:image:height\" content=\"972\" \/>\n\t<meta property=\"og:image:type\" content=\"image\/jpeg\" \/>\n<meta name=\"author\" content=\"padovamarathon\" \/>\n<meta name=\"twitter:card\" content=\"summary_large_image\" \/>\n<meta name=\"twitter:label1\" content=\"Written by\" \/>\n\t<meta name=\"twitter:data1\" content=\"padovamarathon\" \/>\n\t<meta name=\"twitter:label2\" content=\"Est. reading time\" \/>\n\t<meta name=\"twitter:data2\" content=\"4 minutes\" \/>\n<script type=\"application\/ld+json\" class=\"yoast-schema-graph\">{\"@context\":\"https:\/\/schema.org\",\"@graph\":[{\"@type\":\"Article\",\"@id\":\"https:\/\/padovamarathon.com\/padova-corre-nella-notte-la-magia-della-prima-night-run\/#article\",\"isPartOf\":{\"@id\":\"https:\/\/padovamarathon.com\/padova-corre-nella-notte-la-magia-della-prima-night-run\/\"},\"author\":{\"name\":\"padovamarathon\",\"@id\":\"https:\/\/padovamarathon.com\/#\/schema\/person\/51ea49416c4d79c1f9e1ef19262e750a\"},\"headline\":\"PADOVA CORRE NELLA NOTTE: LA MAGIA DELLA PRIMA NIGHT RUN\",\"datePublished\":\"2025-10-31T20:23:57+00:00\",\"dateModified\":\"2025-12-15T09:29:28+00:00\",\"mainEntityOfPage\":{\"@id\":\"https:\/\/padovamarathon.com\/padova-corre-nella-notte-la-magia-della-prima-night-run\/\"},\"wordCount\":571,\"publisher\":{\"@id\":\"https:\/\/padovamarathon.com\/#organization\"},\"image\":{\"@id\":\"https:\/\/padovamarathon.com\/padova-corre-nella-notte-la-magia-della-prima-night-run\/#primaryimage\"},\"thumbnailUrl\":\"https:\/\/padovamarathon.com\/wp-content\/uploads\/2025\/10\/partenza-Bassan.jpg\",\"articleSection\":[\"News\",\"Non categorizzato\"],\"inLanguage\":\"en-US\"},{\"@type\":\"WebPage\",\"@id\":\"https:\/\/padovamarathon.com\/padova-corre-nella-notte-la-magia-della-prima-night-run\/\",\"url\":\"https:\/\/padovamarathon.com\/padova-corre-nella-notte-la-magia-della-prima-night-run\/\",\"name\":\"PADOVA CORRE NELLA NOTTE: LA MAGIA DELLA PRIMA NIGHT RUN | Padova Marathon Shop\",\"isPartOf\":{\"@id\":\"https:\/\/padovamarathon.com\/#website\"},\"primaryImageOfPage\":{\"@id\":\"https:\/\/padovamarathon.com\/padova-corre-nella-notte-la-magia-della-prima-night-run\/#primaryimage\"},\"image\":{\"@id\":\"https:\/\/padovamarathon.com\/padova-corre-nella-notte-la-magia-della-prima-night-run\/#primaryimage\"},\"thumbnailUrl\":\"https:\/\/padovamarathon.com\/wp-content\/uploads\/2025\/10\/partenza-Bassan.jpg\",\"datePublished\":\"2025-10-31T20:23:57+00:00\",\"dateModified\":\"2025-12-15T09:29:28+00:00\",\"breadcrumb\":{\"@id\":\"https:\/\/padovamarathon.com\/padova-corre-nella-notte-la-magia-della-prima-night-run\/#breadcrumb\"},\"inLanguage\":\"en-US\",\"potentialAction\":[{\"@type\":\"ReadAction\",\"target\":[\"https:\/\/padovamarathon.com\/padova-corre-nella-notte-la-magia-della-prima-night-run\/\"]}]},{\"@type\":\"ImageObject\",\"inLanguage\":\"en-US\",\"@id\":\"https:\/\/padovamarathon.com\/padova-corre-nella-notte-la-magia-della-prima-night-run\/#primaryimage\",\"url\":\"https:\/\/padovamarathon.com\/wp-content\/uploads\/2025\/10\/partenza-Bassan.jpg\",\"contentUrl\":\"https:\/\/padovamarathon.com\/wp-content\/uploads\/2025\/10\/partenza-Bassan.jpg\",\"width\":1455,\"height\":972},{\"@type\":\"BreadcrumbList\",\"@id\":\"https:\/\/padovamarathon.com\/padova-corre-nella-notte-la-magia-della-prima-night-run\/#breadcrumb\",\"itemListElement\":[{\"@type\":\"ListItem\",\"position\":1,\"name\":\"Home\",\"item\":\"https:\/\/padovamarathon.com\/en\/\"},{\"@type\":\"ListItem\",\"position\":2,\"name\":\"PADOVA CORRE NELLA NOTTE: LA MAGIA DELLA PRIMA NIGHT RUN\"}]},{\"@type\":\"WebSite\",\"@id\":\"https:\/\/padovamarathon.com\/#website\",\"url\":\"https:\/\/padovamarathon.com\/\",\"name\":\"Maratona di Sant'Antonio | Padova Marathon\",\"description\":\"\",\"publisher\":{\"@id\":\"https:\/\/padovamarathon.com\/#organization\"},\"potentialAction\":[{\"@type\":\"SearchAction\",\"target\":{\"@type\":\"EntryPoint\",\"urlTemplate\":\"https:\/\/padovamarathon.com\/?s={search_term_string}\"},\"query-input\":{\"@type\":\"PropertyValueSpecification\",\"valueRequired\":true,\"valueName\":\"search_term_string\"}}],\"inLanguage\":\"en-US\"},{\"@type\":\"Organization\",\"@id\":\"https:\/\/padovamarathon.com\/#organization\",\"name\":\"Assidunstria Sport\",\"url\":\"https:\/\/padovamarathon.com\/\",\"logo\":{\"@type\":\"ImageObject\",\"inLanguage\":\"en-US\",\"@id\":\"https:\/\/padovamarathon.com\/#\/schema\/logo\/image\/\",\"url\":\"https:\/\/padovamarathon.com\/wp-content\/uploads\/2023\/02\/padova-marathon-logo-dark.svg\",\"contentUrl\":\"https:\/\/padovamarathon.com\/wp-content\/uploads\/2023\/02\/padova-marathon-logo-dark.svg\",\"width\":193,\"height\":86,\"caption\":\"Assidunstria Sport\"},\"image\":{\"@id\":\"https:\/\/padovamarathon.com\/#\/schema\/logo\/image\/\"},\"sameAs\":[\"https:\/\/www.facebook.com\/padovamarathon\/\",\"https:\/\/www.youtube.com\/channel\/UCcuEh_1MUf_oXBto7XwOT8g\",\"https:\/\/www.instagram.com\/padovamarathon\/\"]},{\"@type\":\"Person\",\"@id\":\"https:\/\/padovamarathon.com\/#\/schema\/person\/51ea49416c4d79c1f9e1ef19262e750a\",\"name\":\"padovamarathon\",\"image\":{\"@type\":\"ImageObject\",\"inLanguage\":\"en-US\",\"@id\":\"https:\/\/padovamarathon.com\/#\/schema\/person\/image\/\",\"url\":\"https:\/\/secure.gravatar.com\/avatar\/75500af15ea2ec10e6fe9e902572ed8508108a23a4792d529886051795bc33e3?s=96&d=mm&r=g\",\"contentUrl\":\"https:\/\/secure.gravatar.com\/avatar\/75500af15ea2ec10e6fe9e902572ed8508108a23a4792d529886051795bc33e3?s=96&d=mm&r=g\",\"caption\":\"padovamarathon\"},\"url\":\"https:\/\/padovamarathon.com\/en\/author\/padovamarathon\/\"}]}<\/script>\n<!-- \/ Yoast SEO plugin. -->","yoast_head_json":{"title":"PADOVA CORRE NELLA NOTTE: LA MAGIA DELLA PRIMA NIGHT RUN | Padova Marathon Shop","robots":{"index":"index","follow":"follow","max-snippet":"max-snippet:-1","max-image-preview":"max-image-preview:large","max-video-preview":"max-video-preview:-1"},"canonical":"https:\/\/padovamarathon.com\/padova-corre-nella-notte-la-magia-della-prima-night-run\/","og_locale":"en_US","og_type":"article","og_title":"PADOVA CORRE NELLA NOTTE: LA MAGIA DELLA PRIMA NIGHT RUN | Padova Marathon Shop","og_description":"1.100 podisti hanno corso nel cuore della citt\u00e0 tra entusiasmo, musica e divertimento nella prima serata di Tuttinfiera 2025. Tantissimi i giovani: et\u00e0 media di 33,6 anni, 35 le nazioni...","og_url":"https:\/\/padovamarathon.com\/padova-corre-nella-notte-la-magia-della-prima-night-run\/","og_site_name":"Padova Marathon Shop","article_publisher":"https:\/\/www.facebook.com\/padovamarathon\/","article_published_time":"2025-10-31T20:23:57+00:00","article_modified_time":"2025-12-15T09:29:28+00:00","og_image":[{"width":1455,"height":972,"url":"https:\/\/padovamarathon.com\/wp-content\/uploads\/2025\/10\/partenza-Bassan.jpg","type":"image\/jpeg"}],"author":"padovamarathon","twitter_card":"summary_large_image","twitter_misc":{"Written by":"padovamarathon","Est. reading time":"4 minutes"},"schema":{"@context":"https:\/\/schema.org","@graph":[{"@type":"Article","@id":"https:\/\/padovamarathon.com\/padova-corre-nella-notte-la-magia-della-prima-night-run\/#article","isPartOf":{"@id":"https:\/\/padovamarathon.com\/padova-corre-nella-notte-la-magia-della-prima-night-run\/"},"author":{"name":"padovamarathon","@id":"https:\/\/padovamarathon.com\/#\/schema\/person\/51ea49416c4d79c1f9e1ef19262e750a"},"headline":"PADOVA CORRE NELLA NOTTE: LA MAGIA DELLA PRIMA NIGHT RUN","datePublished":"2025-10-31T20:23:57+00:00","dateModified":"2025-12-15T09:29:28+00:00","mainEntityOfPage":{"@id":"https:\/\/padovamarathon.com\/padova-corre-nella-notte-la-magia-della-prima-night-run\/"},"wordCount":571,"publisher":{"@id":"https:\/\/padovamarathon.com\/#organization"},"image":{"@id":"https:\/\/padovamarathon.com\/padova-corre-nella-notte-la-magia-della-prima-night-run\/#primaryimage"},"thumbnailUrl":"https:\/\/padovamarathon.com\/wp-content\/uploads\/2025\/10\/partenza-Bassan.jpg","articleSection":["News","Non categorizzato"],"inLanguage":"en-US"},{"@type":"WebPage","@id":"https:\/\/padovamarathon.com\/padova-corre-nella-notte-la-magia-della-prima-night-run\/","url":"https:\/\/padovamarathon.com\/padova-corre-nella-notte-la-magia-della-prima-night-run\/","name":"PADOVA CORRE NELLA NOTTE: LA MAGIA DELLA PRIMA NIGHT RUN | Padova Marathon Shop","isPartOf":{"@id":"https:\/\/padovamarathon.com\/#website"},"primaryImageOfPage":{"@id":"https:\/\/padovamarathon.com\/padova-corre-nella-notte-la-magia-della-prima-night-run\/#primaryimage"},"image":{"@id":"https:\/\/padovamarathon.com\/padova-corre-nella-notte-la-magia-della-prima-night-run\/#primaryimage"},"thumbnailUrl":"https:\/\/padovamarathon.com\/wp-content\/uploads\/2025\/10\/partenza-Bassan.jpg","datePublished":"2025-10-31T20:23:57+00:00","dateModified":"2025-12-15T09:29:28+00:00","breadcrumb":{"@id":"https:\/\/padovamarathon.com\/padova-corre-nella-notte-la-magia-della-prima-night-run\/#breadcrumb"},"inLanguage":"en-US","potentialAction":[{"@type":"ReadAction","target":["https:\/\/padovamarathon.com\/padova-corre-nella-notte-la-magia-della-prima-night-run\/"]}]},{"@type":"ImageObject","inLanguage":"en-US","@id":"https:\/\/padovamarathon.com\/padova-corre-nella-notte-la-magia-della-prima-night-run\/#primaryimage","url":"https:\/\/padovamarathon.com\/wp-content\/uploads\/2025\/10\/partenza-Bassan.jpg","contentUrl":"https:\/\/padovamarathon.com\/wp-content\/uploads\/2025\/10\/partenza-Bassan.jpg","width":1455,"height":972},{"@type":"BreadcrumbList","@id":"https:\/\/padovamarathon.com\/padova-corre-nella-notte-la-magia-della-prima-night-run\/#breadcrumb","itemListElement":[{"@type":"ListItem","position":1,"name":"Home","item":"https:\/\/padovamarathon.com\/en\/"},{"@type":"ListItem","position":2,"name":"PADOVA CORRE NELLA NOTTE: LA MAGIA DELLA PRIMA NIGHT RUN"}]},{"@type":"WebSite","@id":"https:\/\/padovamarathon.com\/#website","url":"https:\/\/padovamarathon.com\/","name":"Maratona di Sant'Antonio | Padova Marathon","description":"","publisher":{"@id":"https:\/\/padovamarathon.com\/#organization"},"potentialAction":[{"@type":"SearchAction","target":{"@type":"EntryPoint","urlTemplate":"https:\/\/padovamarathon.com\/?s={search_term_string}"},"query-input":{"@type":"PropertyValueSpecification","valueRequired":true,"valueName":"search_term_string"}}],"inLanguage":"en-US"},{"@type":"Organization","@id":"https:\/\/padovamarathon.com\/#organization","name":"Assidunstria Sport","url":"https:\/\/padovamarathon.com\/","logo":{"@type":"ImageObject","inLanguage":"en-US","@id":"https:\/\/padovamarathon.com\/#\/schema\/logo\/image\/","url":"https:\/\/padovamarathon.com\/wp-content\/uploads\/2023\/02\/padova-marathon-logo-dark.svg","contentUrl":"https:\/\/padovamarathon.com\/wp-content\/uploads\/2023\/02\/padova-marathon-logo-dark.svg","width":193,"height":86,"caption":"Assidunstria Sport"},"image":{"@id":"https:\/\/padovamarathon.com\/#\/schema\/logo\/image\/"},"sameAs":["https:\/\/www.facebook.com\/padovamarathon\/","https:\/\/www.youtube.com\/channel\/UCcuEh_1MUf_oXBto7XwOT8g","https:\/\/www.instagram.com\/padovamarathon\/"]},{"@type":"Person","@id":"https:\/\/padovamarathon.com\/#\/schema\/person\/51ea49416c4d79c1f9e1ef19262e750a","name":"padovamarathon","image":{"@type":"ImageObject","inLanguage":"en-US","@id":"https:\/\/padovamarathon.com\/#\/schema\/person\/image\/","url":"https:\/\/secure.gravatar.com\/avatar\/75500af15ea2ec10e6fe9e902572ed8508108a23a4792d529886051795bc33e3?s=96&d=mm&r=g","contentUrl":"https:\/\/secure.gravatar.com\/avatar\/75500af15ea2ec10e6fe9e902572ed8508108a23a4792d529886051795bc33e3?s=96&d=mm&r=g","caption":"padovamarathon"},"url":"https:\/\/padovamarathon.com\/en\/author\/padovamarathon\/"}]}},"_links":{"self":[{"href":"https:\/\/padovamarathon.com\/en\/wp-json\/wp\/v2\/posts\/5260","targetHints":{"allow":["GET"]}}],"collection":[{"href":"https:\/\/padovamarathon.com\/en\/wp-json\/wp\/v2\/posts"}],"about":[{"href":"https:\/\/padovamarathon.com\/en\/wp-json\/wp\/v2\/types\/post"}],"author":[{"embeddable":true,"href":"https:\/\/padovamarathon.com\/en\/wp-json\/wp\/v2\/users\/5"}],"replies":[{"embeddable":true,"href":"https:\/\/padovamarathon.com\/en\/wp-json\/wp\/v2\/comments?post=5260"}],"version-history":[{"count":2,"href":"https:\/\/padovamarathon.com\/en\/wp-json\/wp\/v2\/posts\/5260\/revisions"}],"predecessor-version":[{"id":5271,"href":"https:\/\/padovamarathon.com\/en\/wp-json\/wp\/v2\/posts\/5260\/revisions\/5271"}],"wp:featuredmedia":[{"embeddable":true,"href":"https:\/\/padovamarathon.com\/en\/wp-json\/wp\/v2\/media\/5261"}],"wp:attachment":[{"href":"https:\/\/padovamarathon.com\/en\/wp-json\/wp\/v2\/media?parent=5260"}],"wp:term":[{"taxonomy":"category","embeddable":true,"href":"https:\/\/padovamarathon.com\/en\/wp-json\/wp\/v2\/categories?post=5260"},{"taxonomy":"post_tag","embeddable":true,"href":"https:\/\/padovamarathon.com\/en\/wp-json\/wp\/v2\/tags?post=5260"}],"curies":[{"name":"wp","href":"https:\/\/api.w.org\/{rel}","templated":true}]}}